{"id":3786,"date":"2026-07-26T19:17:40","date_gmt":"2026-07-26T19:17:40","guid":{"rendered":"https:\/\/ecokompass.com\/?p=3786"},"modified":"2026-08-31T22:42:12","modified_gmt":"2026-08-31T22:42:12","slug":"psilocibina-alzheimer-avanzado-caso-clinico","status":"publish","type":"post","link":"https:\/\/ecokompass.com\/en\/psilocibina-alzheimer-avanzado-caso-clinico\/","title":{"rendered":"Psilocibina y Alzheimer avanzado: mejora funcional en un caso cl\u00ednico"},"content":{"rendered":"<div class=\"wp-block-columns is-layout-flex wp-container-core-columns-is-layout-7387b849 wp-block-columns-is-layout-flex\">\n<div class=\"wp-block-column is-layout-flow wp-block-column-is-layout-flow\">\n<div class=\"wp-block-columns is-layout-flex wp-container-core-columns-is-layout-7387b849 wp-block-columns-is-layout-flex\">\n<div class=\"wp-block-column is-layout-flow wp-block-column-is-layout-flow\"><div class=\"wp-block-icon\"><svg aria-hidden=\"true\" focusable=\"false\" xmlns=\"http:\/\/www.w3.org\/2000\/svg\" viewbox=\"0 0 24 24\">\n\t<path d=\"M18 4H6c-1.1 0-2 .9-2 2v12.9c0 .6.5 1.1 1.1 1.1.3 0 .5-.1.8-.3L8.5 17H18c1.1 0 2-.9 2-2V6c0-1.1-.9-2-2-2zm.5 11c0 .3-.2.5-.5.5H7.9l-2.4 2.4V6c0-.3.2-.5.5-.5h12c.3 0 .5.2.5.5v9z\" \/>\n<\/svg>\n<\/div><\/div>\n\n\n\n<div class=\"wp-block-column is-layout-flow wp-block-column-is-layout-flow\"><div class=\"wp-block-icon\"><svg aria-hidden=\"true\" focusable=\"false\" xmlns=\"http:\/\/www.w3.org\/2000\/svg\" viewbox=\"0 0 24 24\">\n\t<path d=\"M9 11.8l6.1-4.5c.1.4.4.7.9.7h2c.6 0 1-.4 1-1V5c0-.6-.4-1-1-1h-2c-.6 0-1 .4-1 1v.4l-6.4 4.8c-.2-.1-.4-.2-.6-.2H6c-.6 0-1 .4-1 1v2c0 .6.4 1 1 1h2c.2 0 .4-.1.6-.2l6.4 4.8v.4c0 .6.4 1 1 1h2c.6 0 1-.4 1-1v-2c0-.6-.4-1-1-1h-2c-.5 0-.8.3-.9.7L9 12.2v-.4z\" \/>\n<\/svg>\n<\/div><\/div>\n\n\n\n<div class=\"wp-block-column is-layout-flow wp-block-column-is-layout-flow\"><\/div>\n\n\n\n<div class=\"wp-block-column is-layout-flow wp-block-column-is-layout-flow\"><\/div>\n<\/div>\n<\/div>\n\n\n\n<div class=\"wp-block-column is-layout-flow wp-block-column-is-layout-flow\"><\/div>\n<\/div>\n\n\n<div class=\"wp-block-post-comments-link\"><a href=\"https:\/\/ecokompass.com\/en\/psilocibina-alzheimer-avanzado-caso-clinico\/#respond\">No comments<span class=\"screen-reader-text\"> on Psilocibina y Alzheimer avanzado: mejora funcional en un caso cl\u00ednico<\/span><\/a><\/div>\n\n\n<hr class=\"wp-block-separator has-alpha-channel-opacity is-style-wide\" style=\"margin-top:var(--wp--preset--spacing--20);margin-bottom:var(--wp--preset--spacing--20)\"\/>\n\n\n\n<p class=\"wp-block-paragraph\">Vamos a comentar el caso cl\u00ednico real de los efectos de una\u00a0<strong>dosis alta de Psilocibina<\/strong>\u00a0en una paciente octogenaria con un cuadro avanzado de\u00a0<strong>Alzheimer<\/strong>.<br>Tras la administraci\u00f3n de hongos que contienen este compuesto, la paciente experiment\u00f3 una\u00a0<strong>mejora funcional significativa<\/strong>\u00a0y temporal en \u00e1reas como el lenguaje, la movilidad y el control de esf\u00ednteres.<br><br>No se trata realmente de una cura. La intervenci\u00f3n facilit\u00f3 el acceso a\u00a0<strong>capacidades cognitivas residuales<\/strong>\u00a0que se consideraban perdidas debido a la neurodegeneraci\u00f3n provocada por la enfermedad.<br><br>Los autores sugieren que este fen\u00f3meno podr\u00eda estar vinculado a la\u00a0<strong>reorganizaci\u00f3n de redes neuronales<\/strong>\u00a0y a mecanismos de plasticidad cerebral estimulados por la sustancia. Finalmente, el estudio enfatiza la necesidad de realizar investigaciones controladas para profundizar en el potencial de los\u00a0<strong>psicod\u00e9licos<\/strong>\u00a0en etapas terminales de la demencia.<\/p>\n\n\n\n<h2 class=\"wp-block-heading\">Mejoras Funcionales Observadas<\/h2>\n\n\n\n<p class=\"wp-block-paragraph\">Tras la administraci\u00f3n de <strong>psilocibina<\/strong>, la paciente present\u00f3 mejoras significativas en m\u00faltiples dominios funcionales que hab\u00edan estado gravemente deteriorados durante a\u00f1os debido al Alzheimer avanzado. Estas mejoras incluyeron:<\/p>\n\n\n\n<ul class=\"wp-block-list\">\n<li><strong>Lenguaje y comunicaci\u00f3n:<\/strong> Aproximadamente 19 horas despu\u00e9s del tratamiento, la paciente inici\u00f3 espont\u00e1neamente una <strong>charla autobiogr\u00e1fica<\/strong> que dur\u00f3 varias horas. Posteriormente, mostr\u00f3 un aumento en el compromiso conversacional espont\u00e1neo y una mayor expresividad verbal.<\/li>\n\n\n\n<li><strong>Continencia:<\/strong> Se logr\u00f3 la <strong>restauraci\u00f3n de la continencia urinaria<\/strong> (pa\u00f1ales secos, incluso por la noche), una mejora notable dado que padec\u00eda incontinencia cr\u00f3nica desde hac\u00eda m\u00e1s de 5 a\u00f1os. Esta mejora persist\u00eda incluso un mes despu\u00e9s de la primera sesi\u00f3n.<\/li>\n\n\n\n<li><strong>Capacidad motora:<\/strong> La paciente recuper\u00f3 la <strong>ambulaci\u00f3n independiente<\/strong> al segundo d\u00eda y mostr\u00f3 una mejora general en la movilidad y agilidad al caminar.<\/li>\n\n\n\n<li><strong>Funciones ejecutivas y autonom\u00eda:<\/strong> Comenz\u00f3 a mostrar <strong>iniciativa espont\u00e1nea<\/strong>, llegando a vestirse por s\u00ed misma.<\/li>\n\n\n\n<li><strong>Memoria y cognici\u00f3n social:<\/strong> Volvi\u00f3 a reconocer a sus familiares, recuper\u00f3 recuerdos contextuales (como reconocer correctamente un veh\u00edculo) y mantuvo la memoria de trabajo para el contexto social (por ejemplo, preguntando por personas espec\u00edficas).<\/li>\n\n\n\n<li><strong>Estado afectivo y social:<\/strong> Se observ\u00f3 un incremento en la <strong>responsividad emocional<\/strong>, contacto visual sostenido, sonrisas rec\u00edprocas y el uso de humor espont\u00e1neo. Adem\u00e1s, la paciente expres\u00f3 verbalmente que le resultaba \u00abagradable\u00bb asistir a las sesiones.<\/li>\n<\/ul>\n\n\n\n<p class=\"wp-block-paragraph\">Es importante destacar que, aunque estas mejoras fueron <strong>multidominio y cl\u00ednicamente significativas<\/strong>, el estudio las describe como <strong>transitorias<\/strong> y no implican una reversi\u00f3n de la patolog\u00eda de la enfermedad.<\/p>\n\n\n\n<h2 class=\"wp-block-heading\">Periodo de duraci\u00f3n de las mejor\u00edas<\/h2>\n\n\n\n<p class=\"wp-block-paragraph\">La duraci\u00f3n de las mejoras funcionales en la paciente variaron seg\u00fan el \u00e1rea afectada, aunque en t\u00e9rminos generales se describen como <strong>transitorias<\/strong> y muchas de ellas persistieron durante <strong>varias semanas<\/strong>.<\/p>\n\n\n\n<p class=\"wp-block-paragraph\">La cronolog\u00eda detallada de estas mejoras seg\u00fan los resultados del tratamiento fue la siguiente:<\/p>\n\n\n\n<ul class=\"wp-block-list\">\n<li><strong>Lenguaje y memoria autobiogr\u00e1fica:<\/strong> La charla autobiogr\u00e1fica espont\u00e1nea surgi\u00f3 unas 19 horas despu\u00e9s de la administraci\u00f3n y tuvo una duraci\u00f3n de <strong>varias horas<\/strong> (aproximadamente 4 horas).<\/li>\n\n\n\n<li><strong>Continencia urinaria:<\/strong> Fue una de las mejoras m\u00e1s duraderas. Tras recuperarla entre los d\u00edas 2 y 3, la paciente <strong>se mantuvo continente durante al menos un mes<\/strong> (incluyendo las noches), lo cual fue un factor determinante para decidir realizar una segunda sesi\u00f3n de tratamiento.<\/li>\n\n\n\n<li><strong>Mejoras generales y sociales:<\/strong> Diversos avances cl\u00ednicos (movilidad, reciprocidad emocional, comunicaci\u00f3n espont\u00e1nea e interacci\u00f3n social) se mantuvieron vigentes durante las <strong>semanas posteriores<\/strong> a la primera intervenci\u00f3n.<\/li>\n\n\n\n<li><strong>Estado al mes del tratamiento:<\/strong> Al cumplirse un mes de la primera dosis, la paciente segu\u00eda mostrando una <strong>mejora funcional en comparaci\u00f3n con su estado inicial (baseline)<\/strong>, conservando la continencia y una mayor capacidad de expresi\u00f3n verbal y humor tras la segunda sesi\u00f3n.<\/li>\n<\/ul>\n\n\n\n<p class=\"wp-block-paragraph\">Los autores del reporte subrayan que, si bien estas mejoras fueron significativas, no representan una reversi\u00f3n de la patolog\u00eda del Alzheimer, sino un acceso temporal a capacidades funcionales residuales.<\/p>\n\n\n\n<h2 class=\"wp-block-heading\">Evoluci\u00f3n tras la segunda sesi\u00f3n de tratamiento<\/h2>\n\n\n\n<p class=\"wp-block-paragraph\">La <strong>segunda sesi\u00f3n<\/strong> de tratamiento se llev\u00f3 a cabo <strong>un mes despu\u00e9s<\/strong> de la primera intervenci\u00f3n, utilizando una dosis de <strong>3 g<\/strong> de hongos que contienen psilocibina. Esta sesi\u00f3n se realiz\u00f3 debido a que la paciente a\u00fan manten\u00eda mejoras cl\u00ednicas significativas, como la continencia urinaria.<\/p>\n\n\n\n<p class=\"wp-block-paragraph\">La evoluci\u00f3n tras esta segunda administraci\u00f3n mostr\u00f3 los siguientes resultados:<\/p>\n\n\n\n<ul class=\"wp-block-list\">\n<li><strong>Mayor expresividad verbal:<\/strong> A diferencia de la primera sesi\u00f3n, la paciente se mantuvo significativamente m\u00e1s expresiva verbalmente durante toda la experiencia.<\/li>\n\n\n\n<li><strong>Contenido emocional positivo:<\/strong> Describi\u00f3 de manera espont\u00e1nea im\u00e1genes autobiogr\u00e1ficas con una carga emocional positiva, como estar surfeando con su hijo en una isla pac\u00edfica.<\/li>\n\n\n\n<li><strong>Mejoras en la interacci\u00f3n social y afectiva:<\/strong> Se observ\u00f3 un incremento en la <strong>m\u00edmica facial<\/strong>, la <strong>reciprocidad emocional<\/strong> y el uso de <strong>humor espont\u00e1neo<\/strong>.<\/li>\n\n\n\n<li><strong>Capacidad motora:<\/strong> Se report\u00f3 una <strong>mayor agilidad al caminar<\/strong>.<\/li>\n\n\n\n<li><strong>Perspectiva de la paciente:<\/strong> La paciente expres\u00f3 verbalmente su bienestar durante el proceso, llegando a decir espont\u00e1neamente: <strong>\u00abEs agradable venir aqu\u00ed\u00bb<\/strong>.<\/li>\n<\/ul>\n\n\n\n<p class=\"wp-block-paragraph\">Al igual que en la primera sesi\u00f3n, no se observaron efectos adversos graves, agitaci\u00f3n prolongada, inestabilidad cardiovascular ni deterioro neurol\u00f3gico tras el seguimiento. Los autores se\u00f1alan que estos hallazgos sugieren que las capacidades funcionales latentes en pacientes con Alzheimer avanzado pueden volverse accesibles temporalmente bajo condiciones neuromodulatorias espec\u00edficas<\/p>\n\n\n\n<h2 class=\"wp-block-heading\">Qu\u00e9 dosis de Psilocibina se administr\u00f3<\/h2>\n\n\n\n<p class=\"wp-block-paragraph\">En las dos sesiones de tratamiento documentadas se utilizaron las siguientes dosis de hongos que contienen psilocibina (variedad <strong>Enigma<\/strong>), administrados por v\u00eda oral:<\/p>\n\n\n\n<ul class=\"wp-block-list\">\n<li><strong>Primera sesi\u00f3n:<\/strong> Se administr\u00f3 una dosis \u00fanica de <strong>5 g<\/strong> de hongos,.<\/li>\n\n\n\n<li><strong>Segunda sesi\u00f3n:<\/strong> Se realiz\u00f3 un mes despu\u00e9s de la primera intervenci\u00f3n utilizando una dosis de <strong>3 g<\/strong> de hongos,.<\/li>\n<\/ul>\n\n\n\n<p class=\"wp-block-paragraph\">Los autores del reporte aclaran que estas dosis se consideran <strong>relativamente altas<\/strong> en comparaci\u00f3n con los protocolos utilizados habitualmente en ensayos cl\u00ednicos modernos, y fueron seleccionadas bas\u00e1ndose en observaciones previas sobre la profundidad y duraci\u00f3n de los efectos neuroconductuales en pacientes con este grado de deterioro.<\/p>\n\n\n\n<h2 class=\"wp-block-heading\">Efectos Secundarios observados durante la fase aguda<\/h2>\n\n\n\n<p class=\"wp-block-paragraph\">Durante la <strong>fase aguda<\/strong> de la primera sesi\u00f3n (las primeras 12 horas tras la administraci\u00f3n), se observaron los siguientes efectos secundarios y manifestaciones cl\u00ednicas:<\/p>\n\n\n\n<ul class=\"wp-block-list\">\n<li><strong>Activaci\u00f3n auton\u00f3mica:<\/strong> La paciente present\u00f3 signos de respuesta del sistema nervioso aut\u00f3nomo.<\/li>\n\n\n\n<li><strong>Hipertermia sospechada:<\/strong> Se identific\u00f3 una sospecha cl\u00ednica de aumento de la temperatura corporal, aunque no se dispuso de mediciones cuantitativas exactas.<\/li>\n\n\n\n<li><strong>Sudoraci\u00f3n profusa:<\/strong> La paciente experiment\u00f3 una transpiraci\u00f3n intensa durante esta fase.<\/li>\n\n\n\n<li><strong>Estado de sue\u00f1o profundo:<\/strong> Se describi\u00f3 un periodo de <strong>somnolencia profunda<\/strong> y un estado similar a un sue\u00f1o profundo prolongado.<\/li>\n<\/ul>\n\n\n\n<p class=\"wp-block-paragraph\">Es importante destacar que, a pesar de estas reacciones iniciales, <strong>no se observaron efectos adversos graves<\/strong>, agitaci\u00f3n prolongada, inestabilidad cardiovascular cl\u00ednicamente significativa, s\u00edntomas psic\u00f3ticos persistentes ni deterioro neurol\u00f3gico tard\u00edo durante el seguimiento.<\/p>\n\n\n\n<h2 class=\"wp-block-heading\">Como se explican los efectos de la Psilocibina en el cerebro<\/h2>\n\n\n\n<p class=\"wp-block-paragraph\">El efecto de la psilocibina en el cerebro se explica mediante una combinaci\u00f3n de mecanismos moleculares, cambios en la din\u00e1mica de las redes neuronales y procesos de plasticidad:<\/p>\n\n\n\n<ul class=\"wp-block-list\">\n<li><strong>Activaci\u00f3n de receptores:<\/strong> La psilocibina act\u00faa principalmente a trav\u00e9s de la activaci\u00f3n de los <strong>receptores de serotonina 5-HT2A<\/strong>, lo que desencadena alteraciones marcadas en la din\u00e1mica cerebral.<\/li>\n\n\n\n<li><strong>Reorganizaci\u00f3n de redes neuronales:<\/strong> Los estudios de neuroimagen en humanos han demostrado que su administraci\u00f3n produce una <strong>reorganizaci\u00f3n a gran escala<\/strong>, que incluye:\n<ul class=\"wp-block-list\">\n<li>Alteraci\u00f3n de la integridad de la <strong>red neuronal por defecto<\/strong> (Default Mode Network).<\/li>\n\n\n\n<li>Reducci\u00f3n de la segregaci\u00f3n de las redes y cambios amplios en la conectividad funcional.<\/li>\n\n\n\n<li>Un aumento en la <strong>integraci\u00f3n global<\/strong>, desincronizaci\u00f3n cortical y una desegregaci\u00f3n transitoria de los sistemas corticales habituales.<\/li>\n<\/ul>\n<\/li>\n\n\n\n<li><strong>Promoci\u00f3n de la neuroplasticidad:<\/strong> Investigaciones precl\u00ednicas sugieren que los psicod\u00e9licos de este tipo pueden fomentar la <strong>plasticidad estructural y funcional<\/strong>, promoviendo el crecimiento de dendritas y la remodelaci\u00f3n de las sinapsis.<\/li>\n\n\n\n<li><strong>Reintegraci\u00f3n funcional:<\/strong> En casos de enfermedades neurodegenerativas como el Alzheimer, se plantea la hip\u00f3tesis de que la psilocibina puede facilitar la <strong>reintegraci\u00f3n funcional de sistemas neuronales residuales<\/strong>. Esto permitir\u00eda que capacidades funcionales que a\u00fan persisten de forma latente en el cerebro se vuelvan temporalmente accesibles bajo estas condiciones espec\u00edficas de neuromodulaci\u00f3n<\/li>\n<\/ul>\n\n\n\n<h2 class=\"wp-block-heading\">Puntos Destacados<\/h2>\n\n\n\n<pre class=\"wp-block-preformatted\"><\/pre>\n\n\n\n<pre class=\"wp-block-preformatted\">- <br>-<br>- <br><\/pre>\n\n\n\n<div class=\"wp-block-group alignfull has-background-color has-white-color has-black-background-color has-text-color has-background has-link-color wp-elements-fdf94c21116413c9546ab3e82f3bdb24 is-vertical is-content-justification-stretch is-layout-flex wp-container-core-group-is-layout-a947690d wp-block-group-is-layout-flex\" style=\"min-height:40vh;margin-top:0;margin-bottom:0;padding-top:var(--wp--preset--spacing--60);padding-right:var(--wp--preset--spacing--40);padding-bottom:var(--wp--preset--spacing--60);padding-left:var(--wp--preset--spacing--40)\">\n<div class=\"wp-block-columns alignwide has-small-font-size is-layout-flex wp-container-core-columns-is-layout-7387b849 wp-block-columns-is-layout-flex\">\n<div class=\"wp-block-column is-layout-flow wp-block-column-is-layout-flow\">\n<p class=\"has-text-align-center wp-block-paragraph\">Location<\/p>\n\n\n\n<p class=\"has-text-align-center wp-block-paragraph\">2020 Lomita Blvd,&nbsp;<br>Torrance, CA 90101<br>United States<\/p>\n\n\n\n<div style=\"height:24px\" aria-hidden=\"true\" class=\"wp-block-spacer\"><\/div>\n<\/div>\n\n\n\n<div class=\"wp-block-column is-layout-flow wp-block-column-is-layout-flow\">\n<p class=\"has-text-align-center wp-block-paragraph\">Pages<\/p>\n\n\n<nav class=\"has-small-font-size items-justified-center is-vertical no-wrap wp-block-navigation is-content-justification-center is-nowrap is-layout-flex wp-container-core-navigation-is-layout-9b9598cd wp-block-navigation-is-layout-flex\" aria-label=\"Navigation\"><\/nav>\n\n\n<div style=\"height:24px\" aria-hidden=\"true\" class=\"wp-block-spacer\"><\/div>\n<\/div>\n\n\n\n<div class=\"wp-block-column is-layout-flow wp-block-column-is-layout-flow\">\n<p class=\"has-text-align-center wp-block-paragraph\">Follow us<\/p>\n\n\n\n<div class=\"wp-block-group is-vertical is-content-justification-center is-layout-flex wp-container-core-group-is-layout-8b5a2167 wp-block-group-is-layout-flex\">\n<p class=\"wp-block-paragraph\"><a href=\"#\">Facebook<\/a><\/p>\n\n\n\n<p class=\"wp-block-paragraph\"><a href=\"#\">Instagram<\/a><\/p>\n\n\n\n<p class=\"wp-block-paragraph\"><a href=\"#\">Twitter<\/a><\/p>\n<\/div>\n\n\n\n<div style=\"height:24px\" aria-hidden=\"true\" class=\"wp-block-spacer\"><\/div>\n<\/div>\n<\/div>\n\n\n\n<div class=\"wp-block-group alignwide is-content-justification-center is-layout-flex wp-container-core-group-is-layout-82d461e8 wp-block-group-is-layout-flex\">\n<p class=\"has-text-align-center has-small-font-size wp-block-paragraph\"><\/p>\n<\/div>\n<\/div>\n\n\n\n<p class=\"wp-block-paragraph\"><\/p>","protected":false},"excerpt":{"rendered":"<p>Only reported case of an Alzheimer's patient supplied with psilocybin, a tryptamine alkaloid present in magic mushrooms.<\/p>","protected":false},"author":1,"featured_media":3788,"comment_status":"open","ping_status":"open","sticky":false,"template":"","format":"standard","meta":{"site-sidebar-layout":"default","site-content-layout":"","ast-site-content-layout":"default","site-content-style":"default","site-sidebar-style":"default","ast-global-header-display":"","ast-banner-title-visibility":"","ast-main-header-display":"","ast-hfb-above-header-display":"","ast-hfb-below-header-display":"","ast-hfb-mobile-header-display":"","site-post-title":"","ast-breadcrumbs-content":"","ast-featured-img":"disabled","footer-sml-layout":"","ast-disable-related-posts":"","theme-transparent-header-meta":"","adv-header-id-meta":"","stick-header-meta":"","header-above-stick-meta":"","header-main-stick-meta":"","header-below-stick-meta":"","astra-migrate-meta-layouts":"default","ast-page-background-enabled":"default","ast-page-background-meta":{"desktop":{"background-color":"var(--ast-global-color-5)","background-image":"","background-repeat":"repeat","background-position":"center center","background-size":"auto","background-attachment":"scroll","background-type":"","background-media":"","overlay-type":"","overlay-color":"","overlay-opacity":"","overlay-gradient":""},"tablet":{"background-color":"","background-image":"","background-repeat":"repeat","background-position":"center center","background-size":"auto","background-attachment":"scroll","background-type":"","background-media":"","overlay-type":"","overlay-color":"","overlay-opacity":"","overlay-gradient":""},"mobile":{"background-color":"","background-image":"","background-repeat":"repeat","background-position":"center center","background-size":"auto","background-attachment":"scroll","background-type":"","background-media":"","overlay-type":"","overlay-color":"","overlay-opacity":"","overlay-gradient":""}},"ast-content-background-meta":{"desktop":{"background-color":"var(--ast-global-color-4)","background-image":"","background-repeat":"repeat","background-position":"center center","background-size":"auto","background-attachment":"scroll","background-type":"","background-media":"","overlay-type":"","overlay-color":"","overlay-opacity":"","overlay-gradient":""},"tablet":{"background-color":"var(--ast-global-color-4)","background-image":"","background-repeat":"repeat","background-position":"center center","background-size":"auto","background-attachment":"scroll","background-type":"","background-media":"","overlay-type":"","overlay-color":"","overlay-opacity":"","overlay-gradient":""},"mobile":{"background-color":"var(--ast-global-color-4)","background-image":"","background-repeat":"repeat","background-position":"center center","background-size":"auto","background-attachment":"scroll","background-type":"","background-media":"","overlay-type":"","overlay-color":"","overlay-opacity":"","overlay-gradient":""}},"footnotes":""},"categories":[180,179,173],"tags":[190],"class_list":["post-3786","post","type-post","status-publish","format-standard","has-post-thumbnail","hentry","category-01-alzheimer","category-05-tratamientos-naturales","category-portfolio-demencias","tag-psilobicina"],"aioseo_notices":[],"aioseo_head":"\n\t\t<!-- All in One SEO 5.0.1.1 - aioseo.com -->\n\t<meta name=\"description\" content=\"\u00danico caso reportado de paciente con Alzheimer a la que se suministra Psilocibina, un alcaloide triptam\u00ednico presente en las Setas Alucin\u00f3genas.\" \/>\n\t<meta name=\"robots\" content=\"max-image-preview:large\" \/>\n\t<meta name=\"author\" content=\"EcoKOMPASS\"\/>\n\t<link rel=\"canonical\" href=\"https:\/\/ecokompass.com\/en\/psilocibina-alzheimer-avanzado-caso-clinico\/\" \/>\n\t<meta name=\"generator\" content=\"All in One SEO (AIOSEO) 5.0.1.1\" \/>\n\t\t<meta property=\"og:locale\" content=\"en_GB\" \/>\n\t\t<meta property=\"og:site_name\" content=\"EcoKOMPASS - Noticias  y Consejos de Salud Natural\" \/>\n\t\t<meta property=\"og:type\" content=\"article\" \/>\n\t\t<meta property=\"og:title\" content=\"Psilocibina y Alzheimer avanzado: mejora funcional en un caso cl\u00ednico - EcoKOMPASS\" \/>\n\t\t<meta property=\"og:description\" content=\"\u00danico caso reportado de paciente con Alzheimer a la que se suministra Psilocibina, un alcaloide triptam\u00ednico presente en las Setas Alucin\u00f3genas.\" \/>\n\t\t<meta property=\"og:url\" content=\"https:\/\/ecokompass.com\/en\/psilocibina-alzheimer-avanzado-caso-clinico\/\" \/>\n\t\t<meta property=\"og:image\" content=\"https:\/\/ecokompass.com\/wp-content\/uploads\/2026\/07\/cropped-IMG_0654.jpg\" \/>\n\t\t<meta property=\"og:image:secure_url\" content=\"https:\/\/ecokompass.com\/wp-content\/uploads\/2026\/07\/cropped-IMG_0654.jpg\" \/>\n\t\t<meta property=\"og:image:width\" content=\"605\" \/>\n\t\t<meta property=\"og:image:height\" content=\"699\" \/>\n\t\t<meta property=\"article:published_time\" content=\"2026-07-26T19:17:40+00:00\" \/>\n\t\t<meta property=\"article:modified_time\" content=\"2026-08-31T22:42:12+00:00\" \/>\n\t\t<meta name=\"twitter:card\" content=\"summary_large_image\" \/>\n\t\t<meta name=\"twitter:title\" content=\"Psilocibina y Alzheimer avanzado: mejora funcional en un caso cl\u00ednico - EcoKOMPASS\" \/>\n\t\t<meta name=\"twitter:description\" content=\"\u00danico caso reportado de paciente con Alzheimer a la que se suministra Psilocibina, un alcaloide triptam\u00ednico presente en las Setas Alucin\u00f3genas.\" \/>\n\t\t<meta name=\"twitter:image\" content=\"https:\/\/ecokompass.com\/wp-content\/uploads\/2026\/07\/cropped-IMG_0654.jpg\" \/>\n\t\t<script type=\"application\/ld+json\" class=\"aioseo-schema\">\n\t\t\t{\"@context\":\"https:\\\/\\\/schema.org\",\"@graph\":[{\"@type\":\"BlogPosting\",\"@id\":\"https:\\\/\\\/ecokompass.com\\\/en\\\/psilocibina-alzheimer-avanzado-caso-clinico\\\/#blogposting\",\"name\":\"Psilocibina y Alzheimer avanzado: mejora funcional en un caso cl\\u00ednico - EcoKOMPASS\",\"headline\":\"Psilocibina y Alzheimer avanzado: mejora funcional en un caso cl\\u00ednico\",\"author\":{\"@id\":\"https:\\\/\\\/ecokompass.com\\\/en\\\/author\\\/ecokompass\\\/#author\"},\"publisher\":{\"@id\":\"https:\\\/\\\/ecokompass.com\\\/en\\\/#organization\"},\"image\":{\"@type\":\"ImageObject\",\"url\":\"https:\\\/\\\/ecokompass.com\\\/wp-content\\\/uploads\\\/2026\\\/07\\\/Psilocibina-Alcalide-para-tratamineto-de-Alzheimer-Image-26-jul-2026-21_16_31.png\",\"width\":1536,\"height\":1024},\"datePublished\":\"2026-07-26T19:17:40+00:00\",\"dateModified\":\"2026-08-31T22:42:12+00:00\",\"inLanguage\":\"en-GB\",\"mainEntityOfPage\":{\"@id\":\"https:\\\/\\\/ecokompass.com\\\/en\\\/psilocibina-alzheimer-avanzado-caso-clinico\\\/#webpage\"},\"isPartOf\":{\"@id\":\"https:\\\/\\\/ecokompass.com\\\/en\\\/psilocibina-alzheimer-avanzado-caso-clinico\\\/#webpage\"},\"articleSection\":\"01.- EA ALZHEIMER, 05.- TRATAMIENTOS NATURALES, PORTFOLIO DEMENCIAS, Psilobicina\"},{\"@type\":\"BreadcrumbList\",\"@id\":\"https:\\\/\\\/ecokompass.com\\\/en\\\/psilocibina-alzheimer-avanzado-caso-clinico\\\/#breadcrumblist\",\"itemListElement\":[{\"@type\":\"ListItem\",\"@id\":\"https:\\\/\\\/ecokompass.com\\\/en#listItem\",\"position\":1,\"name\":\"Home\",\"item\":\"https:\\\/\\\/ecokompass.com\\\/en\",\"nextItem\":{\"@type\":\"ListItem\",\"@id\":\"https:\\\/\\\/ecokompass.com\\\/en\\\/category\\\/portfolio-demencias\\\/#listItem\",\"name\":\"PORTFOLIO DEMENCIAS\"}},{\"@type\":\"ListItem\",\"@id\":\"https:\\\/\\\/ecokompass.com\\\/en\\\/category\\\/portfolio-demencias\\\/#listItem\",\"position\":2,\"name\":\"PORTFOLIO DEMENCIAS\",\"item\":\"https:\\\/\\\/ecokompass.com\\\/en\\\/category\\\/portfolio-demencias\\\/\",\"nextItem\":{\"@type\":\"ListItem\",\"@id\":\"https:\\\/\\\/ecokompass.com\\\/en\\\/category\\\/portfolio-demencias\\\/05-tratamientos-naturales\\\/#listItem\",\"name\":\"05.- TRATAMIENTOS NATURALES\"},\"previousItem\":{\"@type\":\"ListItem\",\"@id\":\"https:\\\/\\\/ecokompass.com\\\/en#listItem\",\"name\":\"Home\"}},{\"@type\":\"ListItem\",\"@id\":\"https:\\\/\\\/ecokompass.com\\\/en\\\/category\\\/portfolio-demencias\\\/05-tratamientos-naturales\\\/#listItem\",\"position\":3,\"name\":\"05.- TRATAMIENTOS NATURALES\",\"item\":\"https:\\\/\\\/ecokompass.com\\\/en\\\/category\\\/portfolio-demencias\\\/05-tratamientos-naturales\\\/\",\"nextItem\":{\"@type\":\"ListItem\",\"@id\":\"https:\\\/\\\/ecokompass.com\\\/en\\\/psilocibina-alzheimer-avanzado-caso-clinico\\\/#listItem\",\"name\":\"Psilocibina y Alzheimer avanzado: mejora funcional en un caso cl\\u00ednico\"},\"previousItem\":{\"@type\":\"ListItem\",\"@id\":\"https:\\\/\\\/ecokompass.com\\\/en\\\/category\\\/portfolio-demencias\\\/#listItem\",\"name\":\"PORTFOLIO DEMENCIAS\"}},{\"@type\":\"ListItem\",\"@id\":\"https:\\\/\\\/ecokompass.com\\\/en\\\/psilocibina-alzheimer-avanzado-caso-clinico\\\/#listItem\",\"position\":4,\"name\":\"Psilocibina y Alzheimer avanzado: mejora funcional en un caso cl\\u00ednico\",\"previousItem\":{\"@type\":\"ListItem\",\"@id\":\"https:\\\/\\\/ecokompass.com\\\/en\\\/category\\\/portfolio-demencias\\\/05-tratamientos-naturales\\\/#listItem\",\"name\":\"05.- TRATAMIENTOS NATURALES\"}}]},{\"@type\":\"Organization\",\"@id\":\"https:\\\/\\\/ecokompass.com\\\/en\\\/#organization\",\"name\":\"EcoKOMPASS\",\"description\":\"Noticias  y Consejos de Salud Natural\",\"url\":\"https:\\\/\\\/ecokompass.com\\\/en\\\/\",\"logo\":{\"@type\":\"ImageObject\",\"url\":\"https:\\\/\\\/ecokompass.com\\\/wp-content\\\/uploads\\\/2026\\\/07\\\/IMG_0654.jpg\",\"@id\":\"https:\\\/\\\/ecokompass.com\\\/en\\\/psilocibina-alzheimer-avanzado-caso-clinico\\\/#organizationLogo\",\"width\":893,\"height\":839},\"image\":{\"@id\":\"https:\\\/\\\/ecokompass.com\\\/en\\\/psilocibina-alzheimer-avanzado-caso-clinico\\\/#organizationLogo\"}},{\"@type\":\"Person\",\"@id\":\"https:\\\/\\\/ecokompass.com\\\/en\\\/author\\\/ecokompass\\\/#author\",\"url\":\"https:\\\/\\\/ecokompass.com\\\/en\\\/author\\\/ecokompass\\\/\",\"name\":\"EcoKOMPASS\",\"image\":{\"@type\":\"ImageObject\",\"@id\":\"https:\\\/\\\/ecokompass.com\\\/en\\\/psilocibina-alzheimer-avanzado-caso-clinico\\\/#authorImage\",\"url\":\"https:\\\/\\\/secure.gravatar.com\\\/avatar\\\/b269238abb18236593985038a26758d075fc94bbb5646c31d6fa4cf8b51e25db?s=96&d=mm&r=g\",\"width\":96,\"height\":96,\"caption\":\"EcoKOMPASS\"}},{\"@type\":\"WebPage\",\"@id\":\"https:\\\/\\\/ecokompass.com\\\/en\\\/psilocibina-alzheimer-avanzado-caso-clinico\\\/#webpage\",\"url\":\"https:\\\/\\\/ecokompass.com\\\/en\\\/psilocibina-alzheimer-avanzado-caso-clinico\\\/\",\"name\":\"Psilocibina y Alzheimer avanzado: mejora funcional en un caso cl\\u00ednico - EcoKOMPASS\",\"description\":\"\\u00danico caso reportado de paciente con Alzheimer a la que se suministra Psilocibina, un alcaloide triptam\\u00ednico presente en las Setas Alucin\\u00f3genas.\",\"inLanguage\":\"en-GB\",\"isPartOf\":{\"@id\":\"https:\\\/\\\/ecokompass.com\\\/en\\\/#website\"},\"breadcrumb\":{\"@id\":\"https:\\\/\\\/ecokompass.com\\\/en\\\/psilocibina-alzheimer-avanzado-caso-clinico\\\/#breadcrumblist\"},\"author\":{\"@id\":\"https:\\\/\\\/ecokompass.com\\\/en\\\/author\\\/ecokompass\\\/#author\"},\"creator\":{\"@id\":\"https:\\\/\\\/ecokompass.com\\\/en\\\/author\\\/ecokompass\\\/#author\"},\"image\":{\"@type\":\"ImageObject\",\"url\":\"https:\\\/\\\/ecokompass.com\\\/wp-content\\\/uploads\\\/2026\\\/07\\\/Psilocibina-Alcalide-para-tratamineto-de-Alzheimer-Image-26-jul-2026-21_16_31.png\",\"@id\":\"https:\\\/\\\/ecokompass.com\\\/en\\\/psilocibina-alzheimer-avanzado-caso-clinico\\\/#mainImage\",\"width\":1536,\"height\":1024},\"primaryImageOfPage\":{\"@id\":\"https:\\\/\\\/ecokompass.com\\\/en\\\/psilocibina-alzheimer-avanzado-caso-clinico\\\/#mainImage\"},\"datePublished\":\"2026-07-26T19:17:40+00:00\",\"dateModified\":\"2026-08-31T22:42:12+00:00\"},{\"@type\":\"WebSite\",\"@id\":\"https:\\\/\\\/ecokompass.com\\\/en\\\/#website\",\"url\":\"https:\\\/\\\/ecokompass.com\\\/en\\\/\",\"name\":\"EcoKOMPASS\",\"description\":\"Noticias  y Consejos de Salud Natural\",\"inLanguage\":\"en-GB\",\"publisher\":{\"@id\":\"https:\\\/\\\/ecokompass.com\\\/en\\\/#organization\"}}]}\n\t\t<\/script>\n\t\t<!-- All in One SEO -->\n\n","aioseo_head_json":{"title":"Psilocibina y Alzheimer avanzado: mejora funcional en un caso cl\u00ednico - EcoKOMPASS","description":"Only reported case of an Alzheimer's patient supplied with psilocybin, a tryptamine alkaloid present in magic mushrooms.","canonical_url":"https:\/\/ecokompass.com\/en\/psilocibina-alzheimer-avanzado-caso-clinico\/","robots":"max-image-preview:large","keywords":"","webmasterTools":{"miscellaneous":""},"schema":{"@context":"https:\/\/schema.org","@graph":[{"@type":"BlogPosting","@id":"https:\/\/ecokompass.com\/en\/psilocibina-alzheimer-avanzado-caso-clinico\/#blogposting","name":"Psilocibina y Alzheimer avanzado: mejora funcional en un caso cl\u00ednico - EcoKOMPASS","headline":"Psilocibina y Alzheimer avanzado: mejora funcional en un caso cl\u00ednico","author":{"@id":"https:\/\/ecokompass.com\/en\/author\/ecokompass\/#author"},"publisher":{"@id":"https:\/\/ecokompass.com\/en\/#organization"},"image":{"@type":"ImageObject","url":"https:\/\/ecokompass.com\/wp-content\/uploads\/2026\/07\/Psilocibina-Alcalide-para-tratamineto-de-Alzheimer-Image-26-jul-2026-21_16_31.png","width":1536,"height":1024},"datePublished":"2026-07-26T19:17:40+00:00","dateModified":"2026-08-31T22:42:12+00:00","inLanguage":"en-GB","mainEntityOfPage":{"@id":"https:\/\/ecokompass.com\/en\/psilocibina-alzheimer-avanzado-caso-clinico\/#webpage"},"isPartOf":{"@id":"https:\/\/ecokompass.com\/en\/psilocibina-alzheimer-avanzado-caso-clinico\/#webpage"},"articleSection":"01.- EA ALZHEIMER, 05.- TRATAMIENTOS NATURALES, PORTFOLIO DEMENCIAS, Psilobicina"},{"@type":"BreadcrumbList","@id":"https:\/\/ecokompass.com\/en\/psilocibina-alzheimer-avanzado-caso-clinico\/#breadcrumblist","itemListElement":[{"@type":"ListItem","@id":"https:\/\/ecokompass.com\/en#listItem","position":1,"name":"Home","item":"https:\/\/ecokompass.com\/en","nextItem":{"@type":"ListItem","@id":"https:\/\/ecokompass.com\/en\/category\/portfolio-demencias\/#listItem","name":"PORTFOLIO DEMENCIAS"}},{"@type":"ListItem","@id":"https:\/\/ecokompass.com\/en\/category\/portfolio-demencias\/#listItem","position":2,"name":"PORTFOLIO DEMENCIAS","item":"https:\/\/ecokompass.com\/en\/category\/portfolio-demencias\/","nextItem":{"@type":"ListItem","@id":"https:\/\/ecokompass.com\/en\/category\/portfolio-demencias\/05-tratamientos-naturales\/#listItem","name":"05.- TRATAMIENTOS NATURALES"},"previousItem":{"@type":"ListItem","@id":"https:\/\/ecokompass.com\/en#listItem","name":"Home"}},{"@type":"ListItem","@id":"https:\/\/ecokompass.com\/en\/category\/portfolio-demencias\/05-tratamientos-naturales\/#listItem","position":3,"name":"05.- TRATAMIENTOS NATURALES","item":"https:\/\/ecokompass.com\/en\/category\/portfolio-demencias\/05-tratamientos-naturales\/","nextItem":{"@type":"ListItem","@id":"https:\/\/ecokompass.com\/en\/psilocibina-alzheimer-avanzado-caso-clinico\/#listItem","name":"Psilocibina y Alzheimer avanzado: mejora funcional en un caso cl\u00ednico"},"previousItem":{"@type":"ListItem","@id":"https:\/\/ecokompass.com\/en\/category\/portfolio-demencias\/#listItem","name":"PORTFOLIO DEMENCIAS"}},{"@type":"ListItem","@id":"https:\/\/ecokompass.com\/en\/psilocibina-alzheimer-avanzado-caso-clinico\/#listItem","position":4,"name":"Psilocibina y Alzheimer avanzado: mejora funcional en un caso cl\u00ednico","previousItem":{"@type":"ListItem","@id":"https:\/\/ecokompass.com\/en\/category\/portfolio-demencias\/05-tratamientos-naturales\/#listItem","name":"05.- TRATAMIENTOS NATURALES"}}]},{"@type":"Organization","@id":"https:\/\/ecokompass.com\/en\/#organization","name":"EcoKOMPASS","description":"Noticias  y Consejos de Salud Natural","url":"https:\/\/ecokompass.com\/en\/","logo":{"@type":"ImageObject","url":"https:\/\/ecokompass.com\/wp-content\/uploads\/2026\/07\/IMG_0654.jpg","@id":"https:\/\/ecokompass.com\/en\/psilocibina-alzheimer-avanzado-caso-clinico\/#organizationLogo","width":893,"height":839},"image":{"@id":"https:\/\/ecokompass.com\/en\/psilocibina-alzheimer-avanzado-caso-clinico\/#organizationLogo"}},{"@type":"Person","@id":"https:\/\/ecokompass.com\/en\/author\/ecokompass\/#author","url":"https:\/\/ecokompass.com\/en\/author\/ecokompass\/","name":"EcoKOMPASS","image":{"@type":"ImageObject","@id":"https:\/\/ecokompass.com\/en\/psilocibina-alzheimer-avanzado-caso-clinico\/#authorImage","url":"https:\/\/secure.gravatar.com\/avatar\/b269238abb18236593985038a26758d075fc94bbb5646c31d6fa4cf8b51e25db?s=96&d=mm&r=g","width":96,"height":96,"caption":"EcoKOMPASS"}},{"@type":"WebPage","@id":"https:\/\/ecokompass.com\/en\/psilocibina-alzheimer-avanzado-caso-clinico\/#webpage","url":"https:\/\/ecokompass.com\/en\/psilocibina-alzheimer-avanzado-caso-clinico\/","name":"Psilocibina y Alzheimer avanzado: mejora funcional en un caso cl\u00ednico - EcoKOMPASS","description":"\u00danico caso reportado de paciente con Alzheimer a la que se suministra Psilocibina, un alcaloide triptam\u00ednico presente en las Setas Alucin\u00f3genas.","inLanguage":"en-GB","isPartOf":{"@id":"https:\/\/ecokompass.com\/en\/#website"},"breadcrumb":{"@id":"https:\/\/ecokompass.com\/en\/psilocibina-alzheimer-avanzado-caso-clinico\/#breadcrumblist"},"author":{"@id":"https:\/\/ecokompass.com\/en\/author\/ecokompass\/#author"},"creator":{"@id":"https:\/\/ecokompass.com\/en\/author\/ecokompass\/#author"},"image":{"@type":"ImageObject","url":"https:\/\/ecokompass.com\/wp-content\/uploads\/2026\/07\/Psilocibina-Alcalide-para-tratamineto-de-Alzheimer-Image-26-jul-2026-21_16_31.png","@id":"https:\/\/ecokompass.com\/en\/psilocibina-alzheimer-avanzado-caso-clinico\/#mainImage","width":1536,"height":1024},"primaryImageOfPage":{"@id":"https:\/\/ecokompass.com\/en\/psilocibina-alzheimer-avanzado-caso-clinico\/#mainImage"},"datePublished":"2026-07-26T19:17:40+00:00","dateModified":"2026-08-31T22:42:12+00:00"},{"@type":"WebSite","@id":"https:\/\/ecokompass.com\/en\/#website","url":"https:\/\/ecokompass.com\/en\/","name":"EcoKOMPASS","description":"Noticias  y Consejos de Salud Natural","inLanguage":"en-GB","publisher":{"@id":"https:\/\/ecokompass.com\/en\/#organization"}}]},"og:locale":"en_GB","og:site_name":"EcoKOMPASS - Noticias  y Consejos de Salud Natural","og:type":"article","og:title":"Psilocibina y Alzheimer avanzado: mejora funcional en un caso cl\u00ednico - EcoKOMPASS","og:description":"\u00danico caso reportado de paciente con Alzheimer a la que se suministra Psilocibina, un alcaloide triptam\u00ednico presente en las Setas Alucin\u00f3genas.","og:url":"https:\/\/ecokompass.com\/en\/psilocibina-alzheimer-avanzado-caso-clinico\/","og:image":"https:\/\/ecokompass.com\/wp-content\/uploads\/2026\/07\/cropped-IMG_0654.jpg","og:image:secure_url":"https:\/\/ecokompass.com\/wp-content\/uploads\/2026\/07\/cropped-IMG_0654.jpg","og:image:width":605,"og:image:height":699,"article:published_time":"2026-07-26T19:17:40+00:00","article:modified_time":"2026-08-31T22:42:12+00:00","twitter:card":"summary_large_image","twitter:title":"Psilocibina y Alzheimer avanzado: mejora funcional en un caso cl\u00ednico - EcoKOMPASS","twitter:description":"\u00danico caso reportado de paciente con Alzheimer a la que se suministra Psilocibina, un alcaloide triptam\u00ednico presente en las Setas Alucin\u00f3genas.","twitter:image":"https:\/\/ecokompass.com\/wp-content\/uploads\/2026\/07\/cropped-IMG_0654.jpg"},"aioseo_meta_data":{"post_id":"3786","title":"#post_title #separator_sa #site_title","description":"#post_excerpt","keywords":null,"keyphrases":{"focus":[],"additional":[]},"primary_term":null,"canonical_url":null,"og_title":null,"og_description":null,"og_object_type":"default","og_image_type":"default","og_image_custom_url":null,"og_image_custom_fields":null,"og_image_url":null,"og_image_width":null,"og_image_height":null,"og_video":"","og_custom_url":null,"og_article_section":null,"og_article_tags":null,"twitter_use_og":false,"twitter_card":"default","twitter_image_type":"default","twitter_image_custom_url":null,"twitter_image_custom_fields":null,"twitter_image_url":null,"twitter_title":null,"twitter_description":null,"schema_type":"default","schema_type_options":null,"schema":{"blockGraphs":[],"customGraphs":[],"default":{"data":{"Article":[],"Course":[],"Dataset":[],"FAQPage":[],"Movie":[],"Person":[],"Product":[],"ProductReview":[],"Car":[],"Recipe":[],"Service":[],"SoftwareApplication":[],"WebPage":[]},"graphName":"BlogPosting","isEnabled":true},"graphs":[]},"pillar_content":false,"robots_default":true,"robots_noindex":false,"robots_noarchive":false,"robots_nosnippet":false,"robots_nofollow":false,"robots_noimageindex":false,"robots_noodp":false,"robots_notranslate":false,"robots_max_snippet":"-1","robots_max_videopreview":"-1","robots_max_imagepreview":"large","priority":null,"frequency":"default","local_seo":null,"limit_modified_date":false,"ai":{"faqs":[],"keyPoints":[],"schemas":[],"titles":[],"descriptions":[],"socialPosts":{"email":{"subject":"","preview":"","content":""},"linkedin":[],"twitter":[],"facebook":[],"instagram":[]}},"breadcrumb_settings":null,"seo_analyzer_scan_date":null,"created":"2026-07-26 19:07:13","updated":"2026-08-31 23:05:34","focus_keyword":null,"additional_keywords":null,"truseo_locale":null},"aioseo_breadcrumb":"<div class=\"aioseo-breadcrumbs\"><span class=\"aioseo-breadcrumb\">\n\t\t\t<a href=\"https:\/\/ecokompass.com\/en\" title=\"Home\">Home<\/a>\n\t\t<\/span><span class=\"aioseo-breadcrumb-separator\">&raquo;<\/span><span class=\"aioseo-breadcrumb\">\n\t\t\t<a href=\"https:\/\/ecokompass.com\/en\/category\/portfolio-demencias\/\" title=\"PORTFOLIO DEMENCIAS\">PORTFOLIO DEMENCIAS<\/a>\n\t\t<\/span><span class=\"aioseo-breadcrumb-separator\">&raquo;<\/span><span class=\"aioseo-breadcrumb\">\n\t\t\t<a href=\"https:\/\/ecokompass.com\/en\/category\/portfolio-demencias\/05-tratamientos-naturales\/\" title=\"05.- TRATAMIENTOS NATURALES\">05.- TRATAMIENTOS NATURALES<\/a>\n\t\t<\/span><span class=\"aioseo-breadcrumb-separator\">&raquo;<\/span><span class=\"aioseo-breadcrumb\">\n\t\t\tPsilocibina y Alzheimer avanzado: mejora funcional en un caso cl\u00ednico\n\t\t<\/span><\/div>","aioseo_breadcrumb_json":[{"label":"Home","link":"https:\/\/ecokompass.com\/en"},{"label":"PORTFOLIO DEMENCIAS","link":"https:\/\/ecokompass.com\/en\/category\/portfolio-demencias\/"},{"label":"05.- TRATAMIENTOS NATURALES","link":"https:\/\/ecokompass.com\/en\/category\/portfolio-demencias\/05-tratamientos-naturales\/"},{"label":"Psilocibina y Alzheimer avanzado: mejora funcional en un caso cl\u00ednico","link":"https:\/\/ecokompass.com\/en\/psilocibina-alzheimer-avanzado-caso-clinico\/"}],"_links":{"self":[{"href":"https:\/\/ecokompass.com\/en\/wp-json\/wp\/v2\/posts\/3786","targetHints":{"allow":["GET"]}}],"collection":[{"href":"https:\/\/ecokompass.com\/en\/wp-json\/wp\/v2\/posts"}],"about":[{"href":"https:\/\/ecokompass.com\/en\/wp-json\/wp\/v2\/types\/post"}],"author":[{"embeddable":true,"href":"https:\/\/ecokompass.com\/en\/wp-json\/wp\/v2\/users\/1"}],"replies":[{"embeddable":true,"href":"https:\/\/ecokompass.com\/en\/wp-json\/wp\/v2\/comments?post=3786"}],"version-history":[{"count":9,"href":"https:\/\/ecokompass.com\/en\/wp-json\/wp\/v2\/posts\/3786\/revisions"}],"predecessor-version":[{"id":4268,"href":"https:\/\/ecokompass.com\/en\/wp-json\/wp\/v2\/posts\/3786\/revisions\/4268"}],"wp:featuredmedia":[{"embeddable":true,"href":"https:\/\/ecokompass.com\/en\/wp-json\/wp\/v2\/media\/3788"}],"wp:attachment":[{"href":"https:\/\/ecokompass.com\/en\/wp-json\/wp\/v2\/media?parent=3786"}],"wp:term":[{"taxonomy":"category","embeddable":true,"href":"https:\/\/ecokompass.com\/en\/wp-json\/wp\/v2\/categories?post=3786"},{"taxonomy":"post_tag","embeddable":true,"href":"https:\/\/ecokompass.com\/en\/wp-json\/wp\/v2\/tags?post=3786"}],"curies":[{"name":"wp","href":"https:\/\/api.w.org\/{rel}","templated":true}]}}