{"id":169,"date":"2026-07-14T09:57:34","date_gmt":"2026-07-14T09:57:34","guid":{"rendered":"https:\/\/ecokompass.com\/hello-world-2-2-2\/"},"modified":"2026-08-30T15:01:25","modified_gmt":"2026-08-30T15:01:25","slug":"esperanza-contra-los-tumores-cerebrales-infantiles-la-fuerza-de-nuestras-propias-defensas","status":"publish","type":"post","link":"https:\/\/ecokompass.com\/en\/esperanza-contra-los-tumores-cerebrales-infantiles-la-fuerza-de-nuestras-propias-defensas\/","title":{"rendered":"Esperanza contra tumores cerebrales infantiles: La fuerza de nuestras propias defensas."},"content":{"rendered":"<div class=\"wp-block-columns is-layout-flex wp-container-core-columns-is-layout-7387b849 wp-block-columns-is-layout-flex\">\n<div class=\"wp-block-column is-layout-flow wp-block-column-is-layout-flow\">\n<div class=\"wp-block-columns is-layout-flex wp-container-core-columns-is-layout-7387b849 wp-block-columns-is-layout-flex\">\n<div class=\"wp-block-column is-layout-flow wp-block-column-is-layout-flow\"><div class=\"wp-block-icon\"><svg aria-hidden=\"true\" focusable=\"false\" xmlns=\"http:\/\/www.w3.org\/2000\/svg\" viewbox=\"0 0 24 24\">\n\t<path d=\"M18 4H6c-1.1 0-2 .9-2 2v12.9c0 .6.5 1.1 1.1 1.1.3 0 .5-.1.8-.3L8.5 17H18c1.1 0 2-.9 2-2V6c0-1.1-.9-2-2-2zm.5 11c0 .3-.2.5-.5.5H7.9l-2.4 2.4V6c0-.3.2-.5.5-.5h12c.3 0 .5.2.5.5v9z\" \/>\n<\/svg>\n<\/div><\/div>\n\n\n\n<div class=\"wp-block-column is-layout-flow wp-block-column-is-layout-flow\"><div class=\"wp-block-icon\"><svg aria-hidden=\"true\" focusable=\"false\" xmlns=\"http:\/\/www.w3.org\/2000\/svg\" viewbox=\"0 0 24 24\">\n\t<path d=\"M9 11.8l6.1-4.5c.1.4.4.7.9.7h2c.6 0 1-.4 1-1V5c0-.6-.4-1-1-1h-2c-.6 0-1 .4-1 1v.4l-6.4 4.8c-.2-.1-.4-.2-.6-.2H6c-.6 0-1 .4-1 1v2c0 .6.4 1 1 1h2c.2 0 .4-.1.6-.2l6.4 4.8v.4c0 .6.4 1 1 1h2c.6 0 1-.4 1-1v-2c0-.6-.4-1-1-1h-2c-.5 0-.8.3-.9.7L9 12.2v-.4z\" \/>\n<\/svg>\n<\/div><\/div>\n\n\n\n<div class=\"wp-block-column is-layout-flow wp-block-column-is-layout-flow\"><\/div>\n\n\n\n<div class=\"wp-block-column is-layout-flow wp-block-column-is-layout-flow\"><\/div>\n<\/div>\n<\/div>\n\n\n\n<div class=\"wp-block-column is-layout-flow wp-block-column-is-layout-flow\"><\/div>\n<\/div>\n\n\n<div class=\"wp-block-post-comments-link\"><a href=\"https:\/\/ecokompass.com\/en\/esperanza-contra-los-tumores-cerebrales-infantiles-la-fuerza-de-nuestras-propias-defensas\/#respond\">No comments<span class=\"screen-reader-text\"> on Esperanza contra tumores cerebrales infantiles: La fuerza de nuestras propias defensas.<\/span><\/a><\/div>\n\n\n<hr class=\"wp-block-separator has-alpha-channel-opacity is-style-wide\" style=\"margin-top:var(--wp--preset--spacing--20);margin-bottom:var(--wp--preset--spacing--20)\"\/>\n\n\n\n<p class=\"wp-block-paragraph\">Esperanza contra los tumores cerebrales infantiles: La fuerza de nuestras propias defensas<\/p>\n\n\n\n<p class=\"wp-block-paragraph\">En el mundo de la salud, pocas noticias son tan esperanzadoras como los avances en el tratamiento de enfermedades graves que afectan a los m\u00e1s peque\u00f1os. Recientemente, un estudio liderado por investigadores del <strong>Children&#8217;s National Hospital<\/strong> ha arrojado luz sobre una innovadora t\u00e9cnica que utiliza el propio sistema inmunitario para combatir tumores cerebrales agresivos en ni\u00f1os.<\/p>\n\n\n\n<p class=\"wp-block-paragraph\">A continuaci\u00f3n, explicamos de forma sencilla en qu\u00e9 consiste esta terapia y por qu\u00e9 representa un cambio tan importante.<\/p>\n\n\n\n<h3 class=\"wp-block-heading\">\u00bfEn qu\u00e9 consiste esta nueva terapia?<\/h3>\n\n\n\n<p class=\"wp-block-paragraph\">La base de este tratamiento es la <strong>inmunoterapia personalizada<\/strong>. En lugar de utilizar qu\u00edmicos externos agresivos como la quimioterapia tradicional, esta t\u00e9cnica se apoya en las <strong>c\u00e9lulas T<\/strong>, que son los \u00absoldados\u00bb naturales de nuestro sistema de defensa.<\/p>\n\n\n\n<p class=\"wp-block-paragraph\">El proceso funciona de la siguiente manera:<\/p>\n\n\n\n<ol class=\"wp-block-list\">\n<li><strong>Recolecci\u00f3n:<\/strong> Se extrae una peque\u00f1a cantidad de sangre del propio paciente.<\/li>\n\n\n\n<li><strong>Entrenamiento:<\/strong> En el laboratorio, se \u00abentrenan\u00bb sus c\u00e9lulas inmunitarias para que aprendan a reconocer tres prote\u00ednas espec\u00edficas que suelen estar presentes en los tumores cerebrales: <strong>WT1, PRAME y survivina<\/strong>.<\/li>\n\n\n\n<li><strong>Regreso al cuerpo:<\/strong> Una vez preparadas, estas c\u00e9lulas se devuelven al ni\u00f1o a trav\u00e9s de una <strong>infusi\u00f3n por v\u00eda intravenosa<\/strong>.<\/li>\n<\/ol>\n\n\n\n<p class=\"wp-block-paragraph\">Lo m\u00e1s sorprendente es que estas c\u00e9lulas son capaces de viajar por el torrente sangu\u00edneo, cruzar la barrera hacia el cerebro y atacar directamente el tumor, evitando as\u00ed procedimientos quir\u00fargicos invasivos.<\/p>\n\n\n\n<h3 class=\"wp-block-heading\">Un avance seguro y menos agresivo<\/h3>\n\n\n\n<p class=\"wp-block-paragraph\">Uno de los mayores retos en la medicina infantil es encontrar tratamientos que no da\u00f1en el cuerpo en crecimiento. En este ensayo cl\u00ednico, que cont\u00f3 con <strong>33 pacientes<\/strong>, se demostr\u00f3 que la terapia es <strong>segura y bien tolerada<\/strong>.<\/p>\n\n\n\n<p class=\"wp-block-paragraph\">A diferencia de otras inmunoterapias que pueden causar reacciones inflamatorias graves, la mayor\u00eda de los efectos secundarios en este estudio fueron leves, como <strong>fatiga o dolor de cabeza<\/strong>. Al no ser c\u00e9lulas modificadas gen\u00e9ticamente, el cuerpo parece aceptarlas de manera mucho m\u00e1s natural.<\/p>\n\n\n\n<h3 class=\"wp-block-heading\">Resultados que inspiran esperanza<\/h3>\n\n\n\n<p class=\"wp-block-paragraph\">Aunque el estudio principal buscaba asegurar que la dosis era segura, los resultados en cuanto a recuperaci\u00f3n han sido muy alentadores:<\/p>\n\n\n\n<ul class=\"wp-block-list\">\n<li><strong>Supervivencia prolongada:<\/strong> En ni\u00f1os con tumores muy agresivos (como el glioma pontino intr\u00ednseco difuso o DIPG), se observaron supervivencias superiores a la media hist\u00f3rica.<\/li>\n\n\n\n<li><strong>Casos extraordinarios:<\/strong> Tres pacientes han logrado permanecer <strong>libres de la enfermedad durante m\u00e1s de cuatro a\u00f1os<\/strong> (entre 31 y 51 meses) sin necesidad de tratamientos adicionales.<\/li>\n\n\n\n<li><strong>Remisi\u00f3n completa:<\/strong> Uno de los ni\u00f1os logr\u00f3 una respuesta completa, lo que significa que el tumor desapareci\u00f3 por completo de las im\u00e1genes m\u00e9dicas.<\/li>\n<\/ul>\n\n\n\n<h3 class=\"wp-block-heading\">El futuro de la medicina personalizada<\/h3>\n\n\n\n<p class=\"wp-block-paragraph\">Este es solo el primer paso. Los investigadores ya est\u00e1n preparando nuevos ensayos para hacer que esta \u00abllave\u00bb inmunitaria sea a\u00fan m\u00e1s eficaz:<\/p>\n\n\n\n<ul class=\"wp-block-list\">\n<li><strong>Proyecto LIFT:<\/strong> Se probar\u00e1 el uso de ultrasonidos de baja intensidad para ayudar a que las c\u00e9lulas defensoras entren con mayor facilidad al cerebro.<\/li>\n\n\n\n<li><strong>Proyecto IMPACT:<\/strong> Se buscar\u00e1 identificar prote\u00ednas espec\u00edficas en el tumor de cada ni\u00f1o para crear un tratamiento todav\u00eda m\u00e1s a medida.<\/li>\n<\/ul>\n\n\n\n<p class=\"wp-block-paragraph\">En resumen, esta investigaci\u00f3n nos recuerda que la respuesta para combatir enfermedades complejas podr\u00eda estar dentro de nosotros mismos. Al fortalecer y educar a nuestras propias defensas, la ciencia est\u00e1 abriendo una puerta a la vida para muchos ni\u00f1os que antes ten\u00edan muy pocas opciones.<\/p>\n\n\n\n<h2 class=\"wp-block-heading\">Puntos Destacados<\/h2>\n\n\n\n<pre class=\"wp-block-preformatted\">A diferencia de otras inmunoterapias m\u00e1s complejas, estas c\u00e9lulas se administran por v\u00eda intravenosa y han demostrado ser seguras y bien toleradas, logrando incluso que varios ni\u00f1os permanezcan libres de la enfermedad durante m\u00e1s de cuatro a\u00f1os. El estudio de fase 1, denominado ReMIND, marca un avance significativo en la b\u00fasqueda de alternativas menos invasivas y m\u00e1s eficaces para los tumores del sistema nervioso central pedi\u00e1trico, abriendo una nueva v\u00eda de esperanza para pacientes con opciones limitadas.<br>. Este tratamiento innovador, liderado por el Children's National Hospital, utiliza las propias defensas del paciente, entren\u00e1ndolas en el laboratorio para reconocer simult\u00e1neamente tres prote\u00ednas clave del c\u00e1ncer: WT1, PRAME y survivina.<br>Medicina con tus propias defensas: La terapia utiliza c\u00e9lulas T obtenidas de la sangre del propio paciente, las cuales son entrenadas para identificar y atacar tres prote\u00ednas espec\u00edficas que se encuentran en los tumores.<br>     Tratamiento no invasivo: A diferencia de otras inmunoterapias o cirug\u00edas complejas, estas c\u00e9lulas se administran mediante una infusi\u00f3n intravenosa com\u00fan, desde donde viajan solas hasta el cerebro para combatir el tumor.<br>Alta seguridad y pocos efectos secundarios: El estudio demostr\u00f3 que es un tratamiento bien tolerado por los ni\u00f1os; la mayor\u00eda de los efectos adversos fueron leves, como fatiga o dolor de cabeza, evitando la toxicidad de la quimioterapia tradicional.<br>Resultados de larga duraci\u00f3n: Tres de los peque\u00f1os participantes han logrado permanecer libres de la enfermedad por m\u00e1s de cuatro a\u00f1os sin recibir tratamientos adicionales tras la terapia.<br>Esperanza para casos dif\u00edciles: En ni\u00f1os con tumores tan agresivos como el DIPG, se logr\u00f3 una supervivencia media de 13,7 meses, superando los registros hist\u00f3ricos habituales.<br>Un camino hacia el futuro: Este \u00e9xito ha dado paso a nuevos estudios (proyectos LIFT e IMPACT) que buscar\u00e1n usar ultrasonidos para facilitar la entrada de las c\u00e9lulas al cerebro y personalizar a\u00fan m\u00e1s el tratamiento para cada ni\u00f1o.<\/pre>\n\n\n\n<pre class=\"wp-block-preformatted\"><br>Fuentes:<br>- https:\/\/www.nature.com\/articles\/s41591-026-04449-9<br><\/pre>\n\n\n\n<div class=\"wp-block-group alignfull has-background-color has-white-color has-black-background-color has-text-color has-background has-link-color wp-elements-fdf94c21116413c9546ab3e82f3bdb24 is-vertical is-content-justification-stretch is-layout-flex wp-container-core-group-is-layout-a947690d wp-block-group-is-layout-flex\" style=\"min-height:40vh;margin-top:0;margin-bottom:0;padding-top:var(--wp--preset--spacing--60);padding-right:var(--wp--preset--spacing--40);padding-bottom:var(--wp--preset--spacing--60);padding-left:var(--wp--preset--spacing--40)\">\n<div class=\"wp-block-columns alignwide has-small-font-size is-layout-flex wp-container-core-columns-is-layout-7387b849 wp-block-columns-is-layout-flex\">\n<div class=\"wp-block-column is-layout-flow wp-block-column-is-layout-flow\">\n<p class=\"has-text-align-center wp-block-paragraph\">Location<\/p>\n\n\n\n<p class=\"has-text-align-center wp-block-paragraph\">2020 Lomita Blvd,&nbsp;<br>Torrance, CA 90101<br>United States<\/p>\n\n\n\n<div style=\"height:24px\" aria-hidden=\"true\" class=\"wp-block-spacer\"><\/div>\n<\/div>\n\n\n\n<div class=\"wp-block-column is-layout-flow wp-block-column-is-layout-flow\">\n<p class=\"has-text-align-center wp-block-paragraph\">Pages<\/p>\n\n\n<nav class=\"has-small-font-size items-justified-center is-vertical no-wrap wp-block-navigation is-content-justification-center is-nowrap is-layout-flex wp-container-core-navigation-is-layout-9b9598cd wp-block-navigation-is-layout-flex\" aria-label=\"Navigation\"><\/nav>\n\n\n<div style=\"height:24px\" aria-hidden=\"true\" class=\"wp-block-spacer\"><\/div>\n<\/div>\n\n\n\n<div class=\"wp-block-column is-layout-flow wp-block-column-is-layout-flow\">\n<p class=\"has-text-align-center wp-block-paragraph\">Follow us<\/p>\n\n\n\n<div class=\"wp-block-group is-vertical is-content-justification-center is-layout-flex wp-container-core-group-is-layout-8b5a2167 wp-block-group-is-layout-flex\">\n<p class=\"wp-block-paragraph\"><a href=\"#\">Facebook<\/a><\/p>\n\n\n\n<p class=\"wp-block-paragraph\"><a href=\"#\">Instagram<\/a><\/p>\n\n\n\n<p class=\"wp-block-paragraph\"><a href=\"#\">Twitter<\/a><\/p>\n<\/div>\n\n\n\n<div style=\"height:24px\" aria-hidden=\"true\" class=\"wp-block-spacer\"><\/div>\n<\/div>\n<\/div>\n\n\n\n<div class=\"wp-block-group alignwide is-content-justification-center is-layout-flex wp-container-core-group-is-layout-82d461e8 wp-block-group-is-layout-flex\">\n<p class=\"has-text-align-center has-small-font-size wp-block-paragraph\"><\/p>\n<\/div>\n<\/div>\n\n\n\n<p class=\"wp-block-paragraph\"><\/p>","protected":false},"excerpt":{"rendered":"<p>Una nueva investigaci\u00f3n cl\u00ednica ha revelado resultados esperanzadores en el uso de una terapia con c\u00e9lulas T aut\u00f3logas para combatir tumores cerebrales agresivos en ni\u00f1os.<\/p>","protected":false},"author":1,"featured_media":206,"comment_status":"open","ping_status":"open","sticky":false,"template":"","format":"standard","meta":{"site-sidebar-layout":"left-sidebar","site-content-layout":"","ast-site-content-layout":"normal-width-container","site-content-style":"default","site-sidebar-style":"default","ast-global-header-display":"","ast-banner-title-visibility":"","ast-main-header-display":"","ast-hfb-above-header-display":"","ast-hfb-below-header-display":"","ast-hfb-mobile-header-display":"","site-post-title":"","ast-breadcrumbs-content":"","ast-featured-img":"disabled","footer-sml-layout":"","ast-disable-related-posts":"","theme-transparent-header-meta":"","adv-header-id-meta":"","stick-header-meta":"","header-above-stick-meta":"","header-main-stick-meta":"","header-below-stick-meta":"","astra-migrate-meta-layouts":"default","ast-page-background-enabled":"default","ast-page-background-meta":{"desktop":{"background-color":"var(--ast-global-color-5)","background-image":"","background-repeat":"repeat","background-position":"center center","background-size":"auto","background-attachment":"scroll","background-type":"","background-media":"","overlay-type":"","overlay-color":"","overlay-opacity":"","overlay-gradient":""},"tablet":{"background-color":"","background-image":"","background-repeat":"repeat","background-position":"center center","background-size":"auto","background-attachment":"scroll","background-type":"","background-media":"","overlay-type":"","overlay-color":"","overlay-opacity":"","overlay-gradient":""},"mobile":{"background-color":"","background-image":"","background-repeat":"repeat","background-position":"center center","background-size":"auto","background-attachment":"scroll","background-type":"","background-media":"","overlay-type":"","overlay-color":"","overlay-opacity":"","overlay-gradient":""}},"ast-content-background-meta":{"desktop":{"background-color":"var(--ast-global-color-4)","background-image":"","background-repeat":"repeat","background-position":"center center","background-size":"auto","background-attachment":"scroll","background-type":"","background-media":"","overlay-type":"","overlay-color":"","overlay-opacity":"","overlay-gradient":""},"tablet":{"background-color":"var(--ast-global-color-4)","background-image":"","background-repeat":"repeat","background-position":"center center","background-size":"auto","background-attachment":"scroll","background-type":"","background-media":"","overlay-type":"","overlay-color":"","overlay-opacity":"","overlay-gradient":""},"mobile":{"background-color":"var(--ast-global-color-4)","background-image":"","background-repeat":"repeat","background-position":"center center","background-size":"auto","background-attachment":"scroll","background-type":"","background-media":"","overlay-type":"","overlay-color":"","overlay-opacity":"","overlay-gradient":""}},"footnotes":""},"categories":[56,57],"tags":[74,72,73,71,75],"class_list":["post-169","post","type-post","status-publish","format-standard","has-post-thumbnail","hentry","category-avances-cientificos","category-oncologia","tag-celulas-t","tag-cerebral","tag-defensas","tag-tumor","tag-wt1-prame-survivina"],"aioseo_notices":[],"aioseo_head":"\n\t\t<!-- All in One SEO 5.0.1.1 - aioseo.com -->\n\t<meta name=\"description\" content=\"Una nueva investigaci\u00f3n cl\u00ednica ha revelado resultados esperanzadores en el uso de una terapia con c\u00e9lulas T aut\u00f3logas para combatir tumores cerebrales agresivos en ni\u00f1os.\" \/>\n\t<meta name=\"robots\" content=\"max-image-preview:large\" \/>\n\t<meta name=\"author\" content=\"EcoKOMPASS\"\/>\n\t<link rel=\"canonical\" href=\"https:\/\/ecokompass.com\/en\/esperanza-contra-los-tumores-cerebrales-infantiles-la-fuerza-de-nuestras-propias-defensas\/\" \/>\n\t<meta name=\"generator\" content=\"All in One SEO (AIOSEO) 5.0.1.1\" \/>\n\t\t<meta property=\"og:locale\" content=\"en_GB\" \/>\n\t\t<meta property=\"og:site_name\" content=\"EcoKOMPASS - Noticias  y Consejos de Salud Natural\" \/>\n\t\t<meta property=\"og:type\" content=\"article\" \/>\n\t\t<meta property=\"og:title\" content=\"Esperanza contra tumores cerebrales infantiles: La fuerza de nuestras propias defensas. - EcoKOMPASS\" \/>\n\t\t<meta property=\"og:description\" content=\"Una nueva investigaci\u00f3n cl\u00ednica ha revelado resultados esperanzadores en el uso de una terapia con c\u00e9lulas T aut\u00f3logas para combatir tumores cerebrales agresivos en ni\u00f1os.\" \/>\n\t\t<meta property=\"og:url\" content=\"https:\/\/ecokompass.com\/en\/esperanza-contra-los-tumores-cerebrales-infantiles-la-fuerza-de-nuestras-propias-defensas\/\" \/>\n\t\t<meta property=\"og:image\" content=\"https:\/\/ecokompass.com\/wp-content\/uploads\/2026\/07\/cropped-IMG_0654.jpg\" \/>\n\t\t<meta property=\"og:image:secure_url\" content=\"https:\/\/ecokompass.com\/wp-content\/uploads\/2026\/07\/cropped-IMG_0654.jpg\" \/>\n\t\t<meta property=\"og:image:width\" content=\"605\" \/>\n\t\t<meta property=\"og:image:height\" content=\"699\" \/>\n\t\t<meta property=\"article:published_time\" content=\"2026-07-14T09:57:34+00:00\" \/>\n\t\t<meta property=\"article:modified_time\" content=\"2026-08-30T15:01:25+00:00\" \/>\n\t\t<meta name=\"twitter:card\" content=\"summary_large_image\" \/>\n\t\t<meta name=\"twitter:title\" content=\"Esperanza contra tumores cerebrales infantiles: La fuerza de nuestras propias defensas. - EcoKOMPASS\" \/>\n\t\t<meta name=\"twitter:description\" content=\"Una nueva investigaci\u00f3n cl\u00ednica ha revelado resultados esperanzadores en el uso de una terapia con c\u00e9lulas T aut\u00f3logas para combatir tumores cerebrales agresivos en ni\u00f1os.\" \/>\n\t\t<meta name=\"twitter:image\" content=\"https:\/\/ecokompass.com\/wp-content\/uploads\/2026\/07\/cropped-IMG_0654.jpg\" \/>\n\t\t<script type=\"application\/ld+json\" class=\"aioseo-schema\">\n\t\t\t{\"@context\":\"https:\\\/\\\/schema.org\",\"@graph\":[{\"@type\":\"BlogPosting\",\"@id\":\"https:\\\/\\\/ecokompass.com\\\/en\\\/esperanza-contra-los-tumores-cerebrales-infantiles-la-fuerza-de-nuestras-propias-defensas\\\/#blogposting\",\"name\":\"Esperanza contra tumores cerebrales infantiles: La fuerza de nuestras propias defensas. - EcoKOMPASS\",\"headline\":\"Esperanza contra tumores cerebrales infantiles: La fuerza de nuestras propias defensas.\",\"author\":{\"@id\":\"https:\\\/\\\/ecokompass.com\\\/en\\\/author\\\/ecokompass\\\/#author\"},\"publisher\":{\"@id\":\"https:\\\/\\\/ecokompass.com\\\/en\\\/#organization\"},\"image\":{\"@type\":\"ImageObject\",\"url\":\"https:\\\/\\\/ecokompass.com\\\/wp-content\\\/uploads\\\/2026\\\/07\\\/Esperanza-contra-los-tumores-cerebrales-infantiles-La-fuerza-de-nuestras-propias-defensas.png\",\"width\":1536,\"height\":1024},\"datePublished\":\"2026-07-14T09:57:34+00:00\",\"dateModified\":\"2026-08-30T15:01:25+00:00\",\"inLanguage\":\"en-GB\",\"mainEntityOfPage\":{\"@id\":\"https:\\\/\\\/ecokompass.com\\\/en\\\/esperanza-contra-los-tumores-cerebrales-infantiles-la-fuerza-de-nuestras-propias-defensas\\\/#webpage\"},\"isPartOf\":{\"@id\":\"https:\\\/\\\/ecokompass.com\\\/en\\\/esperanza-contra-los-tumores-cerebrales-infantiles-la-fuerza-de-nuestras-propias-defensas\\\/#webpage\"},\"articleSection\":\"Avances Cient\\u00edficos, Oncologia, c\\u00e9lulas T, cerebral, defensas, Tumor, WT1. PRAME. Survivina\"},{\"@type\":\"BreadcrumbList\",\"@id\":\"https:\\\/\\\/ecokompass.com\\\/en\\\/esperanza-contra-los-tumores-cerebrales-infantiles-la-fuerza-de-nuestras-propias-defensas\\\/#breadcrumblist\",\"itemListElement\":[{\"@type\":\"ListItem\",\"@id\":\"https:\\\/\\\/ecokompass.com\\\/en#listItem\",\"position\":1,\"name\":\"Home\",\"item\":\"https:\\\/\\\/ecokompass.com\\\/en\",\"nextItem\":{\"@type\":\"ListItem\",\"@id\":\"https:\\\/\\\/ecokompass.com\\\/en\\\/category\\\/avances-cientificos\\\/#listItem\",\"name\":\"Avances Cient\\u00edficos\"}},{\"@type\":\"ListItem\",\"@id\":\"https:\\\/\\\/ecokompass.com\\\/en\\\/category\\\/avances-cientificos\\\/#listItem\",\"position\":2,\"name\":\"Avances Cient\\u00edficos\",\"item\":\"https:\\\/\\\/ecokompass.com\\\/en\\\/category\\\/avances-cientificos\\\/\",\"nextItem\":{\"@type\":\"ListItem\",\"@id\":\"https:\\\/\\\/ecokompass.com\\\/en\\\/category\\\/avances-cientificos\\\/oncologia\\\/#listItem\",\"name\":\"Oncologia\"},\"previousItem\":{\"@type\":\"ListItem\",\"@id\":\"https:\\\/\\\/ecokompass.com\\\/en#listItem\",\"name\":\"Home\"}},{\"@type\":\"ListItem\",\"@id\":\"https:\\\/\\\/ecokompass.com\\\/en\\\/category\\\/avances-cientificos\\\/oncologia\\\/#listItem\",\"position\":3,\"name\":\"Oncologia\",\"item\":\"https:\\\/\\\/ecokompass.com\\\/en\\\/category\\\/avances-cientificos\\\/oncologia\\\/\",\"nextItem\":{\"@type\":\"ListItem\",\"@id\":\"https:\\\/\\\/ecokompass.com\\\/en\\\/esperanza-contra-los-tumores-cerebrales-infantiles-la-fuerza-de-nuestras-propias-defensas\\\/#listItem\",\"name\":\"Esperanza contra tumores cerebrales infantiles: La fuerza de nuestras propias defensas.\"},\"previousItem\":{\"@type\":\"ListItem\",\"@id\":\"https:\\\/\\\/ecokompass.com\\\/en\\\/category\\\/avances-cientificos\\\/#listItem\",\"name\":\"Avances Cient\\u00edficos\"}},{\"@type\":\"ListItem\",\"@id\":\"https:\\\/\\\/ecokompass.com\\\/en\\\/esperanza-contra-los-tumores-cerebrales-infantiles-la-fuerza-de-nuestras-propias-defensas\\\/#listItem\",\"position\":4,\"name\":\"Esperanza contra tumores cerebrales infantiles: La fuerza de nuestras propias defensas.\",\"previousItem\":{\"@type\":\"ListItem\",\"@id\":\"https:\\\/\\\/ecokompass.com\\\/en\\\/category\\\/avances-cientificos\\\/oncologia\\\/#listItem\",\"name\":\"Oncologia\"}}]},{\"@type\":\"Organization\",\"@id\":\"https:\\\/\\\/ecokompass.com\\\/en\\\/#organization\",\"name\":\"EcoKOMPASS\",\"description\":\"Noticias  y Consejos de Salud Natural\",\"url\":\"https:\\\/\\\/ecokompass.com\\\/en\\\/\",\"logo\":{\"@type\":\"ImageObject\",\"url\":\"https:\\\/\\\/ecokompass.com\\\/wp-content\\\/uploads\\\/2026\\\/07\\\/IMG_0654.jpg\",\"@id\":\"https:\\\/\\\/ecokompass.com\\\/en\\\/esperanza-contra-los-tumores-cerebrales-infantiles-la-fuerza-de-nuestras-propias-defensas\\\/#organizationLogo\",\"width\":893,\"height\":839},\"image\":{\"@id\":\"https:\\\/\\\/ecokompass.com\\\/en\\\/esperanza-contra-los-tumores-cerebrales-infantiles-la-fuerza-de-nuestras-propias-defensas\\\/#organizationLogo\"}},{\"@type\":\"Person\",\"@id\":\"https:\\\/\\\/ecokompass.com\\\/en\\\/author\\\/ecokompass\\\/#author\",\"url\":\"https:\\\/\\\/ecokompass.com\\\/en\\\/author\\\/ecokompass\\\/\",\"name\":\"EcoKOMPASS\",\"image\":{\"@type\":\"ImageObject\",\"@id\":\"https:\\\/\\\/ecokompass.com\\\/en\\\/esperanza-contra-los-tumores-cerebrales-infantiles-la-fuerza-de-nuestras-propias-defensas\\\/#authorImage\",\"url\":\"https:\\\/\\\/secure.gravatar.com\\\/avatar\\\/b269238abb18236593985038a26758d075fc94bbb5646c31d6fa4cf8b51e25db?s=96&d=mm&r=g\",\"width\":96,\"height\":96,\"caption\":\"EcoKOMPASS\"}},{\"@type\":\"WebPage\",\"@id\":\"https:\\\/\\\/ecokompass.com\\\/en\\\/esperanza-contra-los-tumores-cerebrales-infantiles-la-fuerza-de-nuestras-propias-defensas\\\/#webpage\",\"url\":\"https:\\\/\\\/ecokompass.com\\\/en\\\/esperanza-contra-los-tumores-cerebrales-infantiles-la-fuerza-de-nuestras-propias-defensas\\\/\",\"name\":\"Esperanza contra tumores cerebrales infantiles: La fuerza de nuestras propias defensas. - EcoKOMPASS\",\"description\":\"Una nueva investigaci\\u00f3n cl\\u00ednica ha revelado resultados esperanzadores en el uso de una terapia con c\\u00e9lulas T aut\\u00f3logas para combatir tumores cerebrales agresivos en ni\\u00f1os.\",\"inLanguage\":\"en-GB\",\"isPartOf\":{\"@id\":\"https:\\\/\\\/ecokompass.com\\\/en\\\/#website\"},\"breadcrumb\":{\"@id\":\"https:\\\/\\\/ecokompass.com\\\/en\\\/esperanza-contra-los-tumores-cerebrales-infantiles-la-fuerza-de-nuestras-propias-defensas\\\/#breadcrumblist\"},\"author\":{\"@id\":\"https:\\\/\\\/ecokompass.com\\\/en\\\/author\\\/ecokompass\\\/#author\"},\"creator\":{\"@id\":\"https:\\\/\\\/ecokompass.com\\\/en\\\/author\\\/ecokompass\\\/#author\"},\"image\":{\"@type\":\"ImageObject\",\"url\":\"https:\\\/\\\/ecokompass.com\\\/wp-content\\\/uploads\\\/2026\\\/07\\\/Esperanza-contra-los-tumores-cerebrales-infantiles-La-fuerza-de-nuestras-propias-defensas.png\",\"@id\":\"https:\\\/\\\/ecokompass.com\\\/en\\\/esperanza-contra-los-tumores-cerebrales-infantiles-la-fuerza-de-nuestras-propias-defensas\\\/#mainImage\",\"width\":1536,\"height\":1024},\"primaryImageOfPage\":{\"@id\":\"https:\\\/\\\/ecokompass.com\\\/en\\\/esperanza-contra-los-tumores-cerebrales-infantiles-la-fuerza-de-nuestras-propias-defensas\\\/#mainImage\"},\"datePublished\":\"2026-07-14T09:57:34+00:00\",\"dateModified\":\"2026-08-30T15:01:25+00:00\"},{\"@type\":\"WebSite\",\"@id\":\"https:\\\/\\\/ecokompass.com\\\/en\\\/#website\",\"url\":\"https:\\\/\\\/ecokompass.com\\\/en\\\/\",\"name\":\"EcoKOMPASS\",\"description\":\"Noticias  y Consejos de Salud Natural\",\"inLanguage\":\"en-GB\",\"publisher\":{\"@id\":\"https:\\\/\\\/ecokompass.com\\\/en\\\/#organization\"}}]}\n\t\t<\/script>\n\t\t<!-- All in One SEO -->\n\n","aioseo_head_json":{"title":"Esperanza contra tumores cerebrales infantiles: La fuerza de nuestras propias defensas. - EcoKOMPASS","description":"Una nueva investigaci\u00f3n cl\u00ednica ha revelado resultados esperanzadores en el uso de una terapia con c\u00e9lulas T aut\u00f3logas para combatir tumores cerebrales agresivos en ni\u00f1os.","canonical_url":"https:\/\/ecokompass.com\/en\/esperanza-contra-los-tumores-cerebrales-infantiles-la-fuerza-de-nuestras-propias-defensas\/","robots":"max-image-preview:large","keywords":"","webmasterTools":{"miscellaneous":""},"schema":{"@context":"https:\/\/schema.org","@graph":[{"@type":"BlogPosting","@id":"https:\/\/ecokompass.com\/en\/esperanza-contra-los-tumores-cerebrales-infantiles-la-fuerza-de-nuestras-propias-defensas\/#blogposting","name":"Esperanza contra tumores cerebrales infantiles: La fuerza de nuestras propias defensas. - EcoKOMPASS","headline":"Esperanza contra tumores cerebrales infantiles: La fuerza de nuestras propias defensas.","author":{"@id":"https:\/\/ecokompass.com\/en\/author\/ecokompass\/#author"},"publisher":{"@id":"https:\/\/ecokompass.com\/en\/#organization"},"image":{"@type":"ImageObject","url":"https:\/\/ecokompass.com\/wp-content\/uploads\/2026\/07\/Esperanza-contra-los-tumores-cerebrales-infantiles-La-fuerza-de-nuestras-propias-defensas.png","width":1536,"height":1024},"datePublished":"2026-07-14T09:57:34+00:00","dateModified":"2026-08-30T15:01:25+00:00","inLanguage":"en-GB","mainEntityOfPage":{"@id":"https:\/\/ecokompass.com\/en\/esperanza-contra-los-tumores-cerebrales-infantiles-la-fuerza-de-nuestras-propias-defensas\/#webpage"},"isPartOf":{"@id":"https:\/\/ecokompass.com\/en\/esperanza-contra-los-tumores-cerebrales-infantiles-la-fuerza-de-nuestras-propias-defensas\/#webpage"},"articleSection":"Avances Cient\u00edficos, Oncologia, c\u00e9lulas T, cerebral, defensas, Tumor, WT1. PRAME. Survivina"},{"@type":"BreadcrumbList","@id":"https:\/\/ecokompass.com\/en\/esperanza-contra-los-tumores-cerebrales-infantiles-la-fuerza-de-nuestras-propias-defensas\/#breadcrumblist","itemListElement":[{"@type":"ListItem","@id":"https:\/\/ecokompass.com\/en#listItem","position":1,"name":"Home","item":"https:\/\/ecokompass.com\/en","nextItem":{"@type":"ListItem","@id":"https:\/\/ecokompass.com\/en\/category\/avances-cientificos\/#listItem","name":"Avances Cient\u00edficos"}},{"@type":"ListItem","@id":"https:\/\/ecokompass.com\/en\/category\/avances-cientificos\/#listItem","position":2,"name":"Avances Cient\u00edficos","item":"https:\/\/ecokompass.com\/en\/category\/avances-cientificos\/","nextItem":{"@type":"ListItem","@id":"https:\/\/ecokompass.com\/en\/category\/avances-cientificos\/oncologia\/#listItem","name":"Oncologia"},"previousItem":{"@type":"ListItem","@id":"https:\/\/ecokompass.com\/en#listItem","name":"Home"}},{"@type":"ListItem","@id":"https:\/\/ecokompass.com\/en\/category\/avances-cientificos\/oncologia\/#listItem","position":3,"name":"Oncologia","item":"https:\/\/ecokompass.com\/en\/category\/avances-cientificos\/oncologia\/","nextItem":{"@type":"ListItem","@id":"https:\/\/ecokompass.com\/en\/esperanza-contra-los-tumores-cerebrales-infantiles-la-fuerza-de-nuestras-propias-defensas\/#listItem","name":"Esperanza contra tumores cerebrales infantiles: La fuerza de nuestras propias defensas."},"previousItem":{"@type":"ListItem","@id":"https:\/\/ecokompass.com\/en\/category\/avances-cientificos\/#listItem","name":"Avances Cient\u00edficos"}},{"@type":"ListItem","@id":"https:\/\/ecokompass.com\/en\/esperanza-contra-los-tumores-cerebrales-infantiles-la-fuerza-de-nuestras-propias-defensas\/#listItem","position":4,"name":"Esperanza contra tumores cerebrales infantiles: La fuerza de nuestras propias defensas.","previousItem":{"@type":"ListItem","@id":"https:\/\/ecokompass.com\/en\/category\/avances-cientificos\/oncologia\/#listItem","name":"Oncologia"}}]},{"@type":"Organization","@id":"https:\/\/ecokompass.com\/en\/#organization","name":"EcoKOMPASS","description":"Noticias  y Consejos de Salud Natural","url":"https:\/\/ecokompass.com\/en\/","logo":{"@type":"ImageObject","url":"https:\/\/ecokompass.com\/wp-content\/uploads\/2026\/07\/IMG_0654.jpg","@id":"https:\/\/ecokompass.com\/en\/esperanza-contra-los-tumores-cerebrales-infantiles-la-fuerza-de-nuestras-propias-defensas\/#organizationLogo","width":893,"height":839},"image":{"@id":"https:\/\/ecokompass.com\/en\/esperanza-contra-los-tumores-cerebrales-infantiles-la-fuerza-de-nuestras-propias-defensas\/#organizationLogo"}},{"@type":"Person","@id":"https:\/\/ecokompass.com\/en\/author\/ecokompass\/#author","url":"https:\/\/ecokompass.com\/en\/author\/ecokompass\/","name":"EcoKOMPASS","image":{"@type":"ImageObject","@id":"https:\/\/ecokompass.com\/en\/esperanza-contra-los-tumores-cerebrales-infantiles-la-fuerza-de-nuestras-propias-defensas\/#authorImage","url":"https:\/\/secure.gravatar.com\/avatar\/b269238abb18236593985038a26758d075fc94bbb5646c31d6fa4cf8b51e25db?s=96&d=mm&r=g","width":96,"height":96,"caption":"EcoKOMPASS"}},{"@type":"WebPage","@id":"https:\/\/ecokompass.com\/en\/esperanza-contra-los-tumores-cerebrales-infantiles-la-fuerza-de-nuestras-propias-defensas\/#webpage","url":"https:\/\/ecokompass.com\/en\/esperanza-contra-los-tumores-cerebrales-infantiles-la-fuerza-de-nuestras-propias-defensas\/","name":"Esperanza contra tumores cerebrales infantiles: La fuerza de nuestras propias defensas. - EcoKOMPASS","description":"Una nueva investigaci\u00f3n cl\u00ednica ha revelado resultados esperanzadores en el uso de una terapia con c\u00e9lulas T aut\u00f3logas para combatir tumores cerebrales agresivos en ni\u00f1os.","inLanguage":"en-GB","isPartOf":{"@id":"https:\/\/ecokompass.com\/en\/#website"},"breadcrumb":{"@id":"https:\/\/ecokompass.com\/en\/esperanza-contra-los-tumores-cerebrales-infantiles-la-fuerza-de-nuestras-propias-defensas\/#breadcrumblist"},"author":{"@id":"https:\/\/ecokompass.com\/en\/author\/ecokompass\/#author"},"creator":{"@id":"https:\/\/ecokompass.com\/en\/author\/ecokompass\/#author"},"image":{"@type":"ImageObject","url":"https:\/\/ecokompass.com\/wp-content\/uploads\/2026\/07\/Esperanza-contra-los-tumores-cerebrales-infantiles-La-fuerza-de-nuestras-propias-defensas.png","@id":"https:\/\/ecokompass.com\/en\/esperanza-contra-los-tumores-cerebrales-infantiles-la-fuerza-de-nuestras-propias-defensas\/#mainImage","width":1536,"height":1024},"primaryImageOfPage":{"@id":"https:\/\/ecokompass.com\/en\/esperanza-contra-los-tumores-cerebrales-infantiles-la-fuerza-de-nuestras-propias-defensas\/#mainImage"},"datePublished":"2026-07-14T09:57:34+00:00","dateModified":"2026-08-30T15:01:25+00:00"},{"@type":"WebSite","@id":"https:\/\/ecokompass.com\/en\/#website","url":"https:\/\/ecokompass.com\/en\/","name":"EcoKOMPASS","description":"Noticias  y Consejos de Salud Natural","inLanguage":"en-GB","publisher":{"@id":"https:\/\/ecokompass.com\/en\/#organization"}}]},"og:locale":"en_GB","og:site_name":"EcoKOMPASS - Noticias  y Consejos de Salud Natural","og:type":"article","og:title":"Esperanza contra tumores cerebrales infantiles: La fuerza de nuestras propias defensas. - EcoKOMPASS","og:description":"Una nueva investigaci\u00f3n cl\u00ednica ha revelado resultados esperanzadores en el uso de una terapia con c\u00e9lulas T aut\u00f3logas para combatir tumores cerebrales agresivos en ni\u00f1os.","og:url":"https:\/\/ecokompass.com\/en\/esperanza-contra-los-tumores-cerebrales-infantiles-la-fuerza-de-nuestras-propias-defensas\/","og:image":"https:\/\/ecokompass.com\/wp-content\/uploads\/2026\/07\/cropped-IMG_0654.jpg","og:image:secure_url":"https:\/\/ecokompass.com\/wp-content\/uploads\/2026\/07\/cropped-IMG_0654.jpg","og:image:width":605,"og:image:height":699,"article:published_time":"2026-07-14T09:57:34+00:00","article:modified_time":"2026-08-30T15:01:25+00:00","twitter:card":"summary_large_image","twitter:title":"Esperanza contra tumores cerebrales infantiles: La fuerza de nuestras propias defensas. - EcoKOMPASS","twitter:description":"Una nueva investigaci\u00f3n cl\u00ednica ha revelado resultados esperanzadores en el uso de una terapia con c\u00e9lulas T aut\u00f3logas para combatir tumores cerebrales agresivos en ni\u00f1os.","twitter:image":"https:\/\/ecokompass.com\/wp-content\/uploads\/2026\/07\/cropped-IMG_0654.jpg"},"aioseo_meta_data":{"post_id":"169","title":"#post_title #separator_sa #site_title","description":"#post_excerpt","keywords":null,"keyphrases":{"focus":[],"additional":[]},"primary_term":null,"canonical_url":null,"og_title":null,"og_description":null,"og_object_type":"default","og_image_type":"default","og_image_custom_url":null,"og_image_custom_fields":null,"og_image_url":null,"og_image_width":null,"og_image_height":null,"og_video":"","og_custom_url":null,"og_article_section":null,"og_article_tags":null,"twitter_use_og":false,"twitter_card":"default","twitter_image_type":"default","twitter_image_custom_url":null,"twitter_image_custom_fields":null,"twitter_image_url":null,"twitter_title":null,"twitter_description":null,"schema_type":"default","schema_type_options":null,"schema":{"blockGraphs":[],"customGraphs":[],"default":{"data":{"Article":[],"Course":[],"Dataset":[],"FAQPage":[],"Movie":[],"Person":[],"Product":[],"ProductReview":[],"Car":[],"Recipe":[],"Service":[],"SoftwareApplication":[],"WebPage":[]},"graphName":"BlogPosting","isEnabled":true},"graphs":[]},"pillar_content":false,"robots_default":true,"robots_noindex":false,"robots_noarchive":false,"robots_nosnippet":false,"robots_nofollow":false,"robots_noimageindex":false,"robots_noodp":false,"robots_notranslate":false,"robots_max_snippet":"-1","robots_max_videopreview":"-1","robots_max_imagepreview":"large","priority":null,"frequency":"default","local_seo":null,"limit_modified_date":false,"ai":{"faqs":[],"keyPoints":[],"schemas":[],"titles":[],"descriptions":[],"socialPosts":{"email":{"subject":"","preview":"","content":""},"linkedin":[],"twitter":[],"facebook":[],"instagram":[]}},"breadcrumb_settings":null,"seo_analyzer_scan_date":null,"created":"2026-07-14 10:28:45","updated":"2026-08-30 15:33:00","focus_keyword":null,"additional_keywords":null,"truseo_locale":null},"aioseo_breadcrumb":"<div class=\"aioseo-breadcrumbs\"><span class=\"aioseo-breadcrumb\">\n\t\t\t<a href=\"https:\/\/ecokompass.com\/en\" title=\"Home\">Home<\/a>\n\t\t<\/span><span class=\"aioseo-breadcrumb-separator\">&raquo;<\/span><span class=\"aioseo-breadcrumb\">\n\t\t\t<a href=\"https:\/\/ecokompass.com\/en\/category\/avances-cientificos\/\" title=\"Avances Cient\u00edficos\">Avances Cient\u00edficos<\/a>\n\t\t<\/span><span class=\"aioseo-breadcrumb-separator\">&raquo;<\/span><span class=\"aioseo-breadcrumb\">\n\t\t\t<a href=\"https:\/\/ecokompass.com\/en\/category\/avances-cientificos\/oncologia\/\" title=\"Oncologia\">Oncologia<\/a>\n\t\t<\/span><span class=\"aioseo-breadcrumb-separator\">&raquo;<\/span><span class=\"aioseo-breadcrumb\">\n\t\t\tEsperanza contra tumores cerebrales infantiles: La fuerza de nuestras propias defensas.\n\t\t<\/span><\/div>","aioseo_breadcrumb_json":[{"label":"Home","link":"https:\/\/ecokompass.com\/en"},{"label":"Avances Cient\u00edficos","link":"https:\/\/ecokompass.com\/en\/category\/avances-cientificos\/"},{"label":"Oncologia","link":"https:\/\/ecokompass.com\/en\/category\/avances-cientificos\/oncologia\/"},{"label":"Esperanza contra tumores cerebrales infantiles: La fuerza de nuestras propias defensas.","link":"https:\/\/ecokompass.com\/en\/esperanza-contra-los-tumores-cerebrales-infantiles-la-fuerza-de-nuestras-propias-defensas\/"}],"_links":{"self":[{"href":"https:\/\/ecokompass.com\/en\/wp-json\/wp\/v2\/posts\/169","targetHints":{"allow":["GET"]}}],"collection":[{"href":"https:\/\/ecokompass.com\/en\/wp-json\/wp\/v2\/posts"}],"about":[{"href":"https:\/\/ecokompass.com\/en\/wp-json\/wp\/v2\/types\/post"}],"author":[{"embeddable":true,"href":"https:\/\/ecokompass.com\/en\/wp-json\/wp\/v2\/users\/1"}],"replies":[{"embeddable":true,"href":"https:\/\/ecokompass.com\/en\/wp-json\/wp\/v2\/comments?post=169"}],"version-history":[{"count":12,"href":"https:\/\/ecokompass.com\/en\/wp-json\/wp\/v2\/posts\/169\/revisions"}],"predecessor-version":[{"id":231,"href":"https:\/\/ecokompass.com\/en\/wp-json\/wp\/v2\/posts\/169\/revisions\/231"}],"wp:featuredmedia":[{"embeddable":true,"href":"https:\/\/ecokompass.com\/en\/wp-json\/wp\/v2\/media\/206"}],"wp:attachment":[{"href":"https:\/\/ecokompass.com\/en\/wp-json\/wp\/v2\/media?parent=169"}],"wp:term":[{"taxonomy":"category","embeddable":true,"href":"https:\/\/ecokompass.com\/en\/wp-json\/wp\/v2\/categories?post=169"},{"taxonomy":"post_tag","embeddable":true,"href":"https:\/\/ecokompass.com\/en\/wp-json\/wp\/v2\/tags?post=169"}],"curies":[{"name":"wp","href":"https:\/\/api.w.org\/{rel}","templated":true}]}}