{"id":158,"date":"2026-07-10T00:50:59","date_gmt":"2026-07-10T00:50:59","guid":{"rendered":"https:\/\/ecokompass.com\/?p=158"},"modified":"2026-08-31T22:42:18","modified_gmt":"2026-08-31T22:42:18","slug":"alzheimer-terapia-luz-sonido-investigacion","status":"publish","type":"post","link":"https:\/\/ecokompass.com\/en\/alzheimer-terapia-luz-sonido-investigacion\/","title":{"rendered":"Alzheimer: qu\u00e9 dice la investigaci\u00f3n sobre la terapia de luz y sonido"},"content":{"rendered":"<h2 class=\"wp-block-heading alignwide has-black-color has-text-color has-link-color wp-elements-dbddb9378358e6952bcc72286763e79c\" id=\"we-re-a-studio-in-berlin-with-an-international-practice-in-architecture-urban-planning-and-interior-design-we-believe-in-sharing-knowledge-and-promoting-dialogue-to-increase-the-creative-potential-of-collaboration\" style=\"font-size:35px;line-height:1.1\"><\/h2>\n\n\n\n<div class=\"wp-block-columns is-layout-flex wp-container-core-columns-is-layout-7387b849 wp-block-columns-is-layout-flex\">\n<div class=\"wp-block-column is-layout-flow wp-block-column-is-layout-flow\">\n<div class=\"wp-block-columns is-layout-flex wp-container-core-columns-is-layout-7387b849 wp-block-columns-is-layout-flex\">\n<div class=\"wp-block-column is-layout-flow wp-block-column-is-layout-flow\"><div class=\"wp-block-icon\"><svg aria-hidden=\"true\" focusable=\"false\" xmlns=\"http:\/\/www.w3.org\/2000\/svg\" viewbox=\"0 0 24 24\">\n\t<path d=\"M18 4H6c-1.1 0-2 .9-2 2v12.9c0 .6.5 1.1 1.1 1.1.3 0 .5-.1.8-.3L8.5 17H18c1.1 0 2-.9 2-2V6c0-1.1-.9-2-2-2zm.5 11c0 .3-.2.5-.5.5H7.9l-2.4 2.4V6c0-.3.2-.5.5-.5h12c.3 0 .5.2.5.5v9z\" \/>\n<\/svg>\n<\/div><\/div>\n\n\n\n<div class=\"wp-block-column is-layout-flow wp-block-column-is-layout-flow\"><div class=\"wp-block-icon\"><svg aria-hidden=\"true\" focusable=\"false\" xmlns=\"http:\/\/www.w3.org\/2000\/svg\" viewbox=\"0 0 24 24\">\n\t<path d=\"M9 11.8l6.1-4.5c.1.4.4.7.9.7h2c.6 0 1-.4 1-1V5c0-.6-.4-1-1-1h-2c-.6 0-1 .4-1 1v.4l-6.4 4.8c-.2-.1-.4-.2-.6-.2H6c-.6 0-1 .4-1 1v2c0 .6.4 1 1 1h2c.2 0 .4-.1.6-.2l6.4 4.8v.4c0 .6.4 1 1 1h2c.6 0 1-.4 1-1v-2c0-.6-.4-1-1-1h-2c-.5 0-.8.3-.9.7L9 12.2v-.4z\" \/>\n<\/svg>\n<\/div><\/div>\n\n\n\n<div class=\"wp-block-column is-layout-flow wp-block-column-is-layout-flow\"><\/div>\n\n\n\n<div class=\"wp-block-column is-layout-flow wp-block-column-is-layout-flow\"><\/div>\n<\/div>\n<\/div>\n\n\n\n<div class=\"wp-block-column is-layout-flow wp-block-column-is-layout-flow\"><\/div>\n<\/div>\n\n\n\n<details class=\"wp-block-details is-layout-flow wp-block-details-is-layout-flow\"><summary>Investigadores internacionales han descubierto que el uso de&nbsp;<strong>est\u00edmulos visuales y auditivos<\/strong>&nbsp;puede activar el sistema natural de&nbsp;<strong>limpieza del cerebro<\/strong>, ofreciendo una alternativa prometedora contra el&nbsp;<strong>Alzheimer<\/strong>. Mediante el uso de luces y sonidos a una frecuencia de&nbsp;<strong>40 hercios<\/strong>, los cient\u00edficos lograron potenciar el&nbsp;<strong>flujo de l\u00edquido cefalorraqu\u00eddeo<\/strong>&nbsp;en modelos animales para eliminar desechos t\u00f3xicos. Este proceso estimula el&nbsp;<strong>sistema glinf\u00e1tico<\/strong>&nbsp;y activa c\u00e9lulas espec\u00edficas denominadas&nbsp;<strong>astrocitos<\/strong>, las cuales facilitan la expulsi\u00f3n de las prote\u00ednas nocivas acumuladas. Aunque las pruebas se realizaron en ratones, los resultados sugieren que esta&nbsp;<strong>terapia no invasiva<\/strong>&nbsp;podr\u00eda reducir significativamente las placas que da\u00f1an el tejido neurol\u00f3gico. El hallazgo representa un avance crucial en la medicina moderna, ya que propone un m\u00e9todo accesible para tratar&nbsp;<strong>enfermedades neurodegenerativas<\/strong>&nbsp;sin recurrir a f\u00e1rmacos complejos. Esta innovadora t\u00e9cnica de&nbsp;<strong>estimulaci\u00f3n sensorial<\/strong>&nbsp;abre nuevas puertas para mejorar la salud cerebral y combatir el deterioro cognitivo de manera natural.<\/summary><nav style=\"--separator: &quot;\/&quot;\" class=\"wp-block-breadcrumbs\" aria-label=\"Breadcrumbs\"><ol><li><a href=\"https:\/\/ecokompass.com\/en\/\">Home<\/a><\/li><li><a href=\"https:\/\/ecokompass.com\/en\/category\/portfolio-demencias\/\">Dementia Portfolio<\/a><\/li><li><a href=\"https:\/\/ecokompass.com\/en\/category\/portfolio-demencias\/01-alzheimer\/\">AD - ALZHEIMER'S DISEASE<\/a><\/li><li><span aria-current=\"page\">Alzheimer: qu\u00e9 dice la investigaci\u00f3n sobre la terapia de luz y sonido<\/span><\/li><\/ol><\/nav><\/details>\n\n\n<div class=\"wp-block-post-comments-link\"><a href=\"https:\/\/ecokompass.com\/en\/alzheimer-terapia-luz-sonido-investigacion\/#respond\">No comments<span class=\"screen-reader-text\"> on Alzheimer: qu\u00e9 dice la investigaci\u00f3n sobre la terapia de luz y sonido<\/span><\/a><\/div>\n\n\n<hr class=\"wp-block-separator has-alpha-channel-opacity is-style-wide\" style=\"margin-top:var(--wp--preset--spacing--20);margin-bottom:var(--wp--preset--spacing--20)\"\/>\n\n\n<div class=\"wp-block-icon\"><svg aria-hidden=\"true\" focusable=\"false\" xmlns=\"http:\/\/www.w3.org\/2000\/svg\" viewbox=\"0 0 24 24\">\n\t<path d=\"M17.5 11.6L12 16l-5.5-4.4.9-1.2L12 14l4.5-3.6 1 1.2z\" \/>\n<\/svg>\n<\/div>\n\n\n<p class=\"wp-block-paragraph\">Luz y Sonido: La Nueva Frontera en la \u00abLimpieza\u00bb del Cerebro contra el Alzheimer<\/p>\n\n\n\n<p class=\"wp-block-paragraph\">La enfermedad de Alzheimer representa uno de los desaf\u00edos m\u00e9dicos m\u00e1s complejos de nuestra era, afectando a millones de personas y generando costos astron\u00f3micos en los sistemas de salud. Sin embargo, una investigaci\u00f3n reciente publicada en la revista <em>Nature<\/em> ha revelado una v\u00eda sorprendente y <strong>no invasiva<\/strong> que podr\u00eda transformar nuestra forma de combatir esta patolog\u00eda: <strong>el uso de est\u00edmulos sensoriales para activar el sistema de limpieza natural del cerebro<\/strong>.<\/p>\n\n\n\n<h3 class=\"wp-block-heading\">El sistema glinf\u00e1tico: El \u00ablavaplatos\u00bb del cerebro<\/h3>\n\n\n\n<p class=\"wp-block-paragraph\">Nuestro cerebro cuenta con una red especializada llamada <strong>sistema glinf\u00e1tico<\/strong>, encargada de eliminar los desechos metab\u00f3licos y las prote\u00ednas t\u00f3xicas que se acumulan con el tiempo. En enfermedades como el Alzheimer, este sistema suele fallar, permitiendo que la prote\u00edna <strong>beta-amiloide<\/strong> se acumule y forme placas que da\u00f1an las neuronas. Las fuentes indican que el envejecimiento y la enfermedad deterioran este mecanismo al reducir la pulsaci\u00f3n de las arterias y el drenaje linf\u00e1tico.<\/p>\n\n\n\n<h3 class=\"wp-block-heading\">El poder de los 40 hercios<\/h3>\n\n\n\n<p class=\"wp-block-paragraph\">Investigadores del MIT y otras instituciones internacionales descubrieron que la <strong>estimulaci\u00f3n multisensorial a 40 Hz<\/strong> (una combinaci\u00f3n de luz intermitente y sonido) induce ondas cerebrales gamma que potencian dr\u00e1sticamente esta limpieza. En estudios con ratones modelo de Alzheimer, esta terapia logr\u00f3:<\/p>\n\n\n\n<ul class=\"wp-block-list\">\n<li><strong>Aumentar el flujo<\/strong> del l\u00edquido cefalorraqu\u00eddeo hacia el tejido cerebral.<\/li>\n\n\n\n<li><strong>Incrementar la eliminaci\u00f3n<\/strong> de fluidos cargados de residuos hacia el exterior.<\/li>\n\n\n\n<li><strong>Reducir significativamente las placas de amiloide<\/strong> en la corteza cerebral.<\/li>\n<\/ul>\n\n\n\n<h3 class=\"wp-block-heading\">\u00bfC\u00f3mo ocurre este proceso? La conexi\u00f3n VIP<\/h3>\n\n\n\n<p class=\"wp-block-paragraph\">Lo m\u00e1s fascinante de este hallazgo es el mecanismo biol\u00f3gico descubierto. La estimulaci\u00f3n gamma activa unas neuronas espec\u00edficas llamadas <strong>interneuronas VIP<\/strong> (p\u00e9ptido intestinal vasoactivo). Estas neuronas liberan la mol\u00e9cula VIP, la cual act\u00faa sobre dos componentes cr\u00edticos:<\/p>\n\n\n\n<ol class=\"wp-block-list\">\n<li><strong>Pulsaci\u00f3n Arterial:<\/strong> El VIP ayuda a regular la fuerza con la que las arterias \u00abbombean\u00bb, lo que impulsa el movimiento del l\u00edquido de limpieza a trav\u00e9s del cerebro.<\/li>\n\n\n\n<li><strong>Astrocitos y AQP4:<\/strong> La se\u00f1al de VIP estimula a los <strong>astrocitos<\/strong> (c\u00e9lulas de soporte cerebral) y redistribuye los canales de agua conocidos como <strong>acuaporina-4 (AQP4)<\/strong> en sus extremos. Estos canales son esenciales para que el l\u00edquido circule correctamente y arrastre las prote\u00ednas t\u00f3xicas hacia los ganglios linf\u00e1ticos del cuello para su desecho.<\/li>\n<\/ol>\n\n\n\n<h3 class=\"wp-block-heading\">Un futuro prometedor y no invasivo<\/h3>\n\n\n\n<p class=\"wp-block-paragraph\">Aunque estos resultados se han obtenido en modelos animales, abren la puerta a tratamientos que no requieren f\u00e1rmacos complejos ni cirug\u00edas. Las pruebas en ratones mostraron que, tras la estimulaci\u00f3n, no solo disminu\u00eda la carga t\u00f3xica, sino que tambi\u00e9n <strong>mejoraba el rendimiento cognitivo<\/strong> en tareas de memoria.<\/p>\n\n\n\n<p class=\"wp-block-paragraph\">Este enfoque de <strong>resonancia sensorial<\/strong> podr\u00eda convertirse en una herramienta accesible para tratar no solo el Alzheimer, sino otros trastornos neurol\u00f3gicos relacionados con la acumulaci\u00f3n de prote\u00ednas da\u00f1inas. La ciencia est\u00e1 demostrando que, a veces, la clave para sanar el cerebro podr\u00eda estar simplemente en el ritmo adecuado de luz y sonido.<\/p>\n\n\n\n<h2 class=\"wp-block-heading\">Puntos Destacados<\/h2>\n\n\n\n<pre class=\"wp-block-preformatted\"> Esta t\u00e9cnica no invasiva, desarrollada por investigadores del MIT y otras instituciones internacionales, utiliza ondas gamma para activar neuronas y astrocitos que impulsan el flujo de fluidos cerebrales, logrando reducir la carga patol\u00f3gica y mejorar el rendimiento cognitivo en modelos animales<br>. Sigue leyendo para descubrir c\u00f3mo esta innovadora frontera de la neurociencia est\u00e1 transformando nuestra comprensi\u00f3n <br>sobre la salud cerebral y abriendo una nueva esperanza tecnol\u00f3gica en la lucha contra la demencia<\/pre>\n\n\n\n<pre class=\"wp-block-preformatted\">Fuentes:<br>- https:\/\/www.nature.com\/articles\/s41586-024-07132-6<\/pre>\n\n\n\n<div class=\"wp-block-group alignfull has-background-color has-white-color has-black-background-color has-text-color has-background has-link-color wp-elements-fdf94c21116413c9546ab3e82f3bdb24 is-vertical is-content-justification-stretch is-layout-flex wp-container-core-group-is-layout-a947690d wp-block-group-is-layout-flex\" style=\"min-height:40vh;margin-top:0;margin-bottom:0;padding-top:var(--wp--preset--spacing--60);padding-right:var(--wp--preset--spacing--40);padding-bottom:var(--wp--preset--spacing--60);padding-left:var(--wp--preset--spacing--40)\">\n<div class=\"wp-block-columns alignwide has-small-font-size is-layout-flex wp-container-core-columns-is-layout-7387b849 wp-block-columns-is-layout-flex\">\n<div class=\"wp-block-column is-layout-flow wp-block-column-is-layout-flow\">\n<p class=\"has-text-align-center wp-block-paragraph\">Location<\/p>\n\n\n\n<p class=\"has-text-align-center wp-block-paragraph\">2020 Lomita Blvd,&nbsp;<br>Torrance, CA 90101<br>United States<\/p>\n\n\n\n<div style=\"height:24px\" aria-hidden=\"true\" class=\"wp-block-spacer\"><\/div>\n<\/div>\n\n\n\n<div class=\"wp-block-column is-layout-flow wp-block-column-is-layout-flow\">\n<p class=\"has-text-align-center wp-block-paragraph\">Pages<\/p>\n\n\n<nav class=\"has-small-font-size items-justified-center is-vertical no-wrap wp-block-navigation is-content-justification-center is-nowrap is-layout-flex wp-container-core-navigation-is-layout-9b9598cd wp-block-navigation-is-layout-flex\" aria-label=\"Navigation\"><\/nav>\n\n\n<div style=\"height:24px\" aria-hidden=\"true\" class=\"wp-block-spacer\"><\/div>\n<\/div>\n\n\n\n<div class=\"wp-block-column is-layout-flow wp-block-column-is-layout-flow\">\n<p class=\"has-text-align-center wp-block-paragraph\">Follow us<\/p>\n\n\n\n<div class=\"wp-block-group is-vertical is-content-justification-center is-layout-flex wp-container-core-group-is-layout-8b5a2167 wp-block-group-is-layout-flex\">\n<p class=\"wp-block-paragraph\"><a href=\"#\">Facebook<\/a><\/p>\n\n\n\n<p class=\"wp-block-paragraph\"><a href=\"#\">Instagram<\/a><\/p>\n\n\n\n<p class=\"wp-block-paragraph\"><a href=\"#\">Twitter<\/a><\/p>\n<\/div>\n\n\n\n<div style=\"height:24px\" aria-hidden=\"true\" class=\"wp-block-spacer\"><\/div>\n<\/div>\n<\/div>\n\n\n\n<div class=\"wp-block-group alignwide is-content-justification-center is-layout-flex wp-container-core-group-is-layout-82d461e8 wp-block-group-is-layout-flex\">\n<p class=\"has-text-align-center has-small-font-size wp-block-paragraph\"><\/p>\n<\/div>\n<\/div>\n\n\n\n<p class=\"wp-block-paragraph\"><\/p>","protected":false},"excerpt":{"rendered":"<p>\u00bfTe imaginas que la clave para combatir el Alzheimer no estuviera en un f\u00e1rmaco complejo, sino en una combinaci\u00f3n r\u00edtmica de luces y sonidos?<\/p>","protected":false},"author":1,"featured_media":205,"comment_status":"open","ping_status":"open","sticky":false,"template":"","format":"standard","meta":{"site-sidebar-layout":"left-sidebar","site-content-layout":"","ast-site-content-layout":"normal-width-container","site-content-style":"default","site-sidebar-style":"default","ast-global-header-display":"","ast-banner-title-visibility":"","ast-main-header-display":"","ast-hfb-above-header-display":"","ast-hfb-below-header-display":"","ast-hfb-mobile-header-display":"","site-post-title":"","ast-breadcrumbs-content":"","ast-featured-img":"disabled","footer-sml-layout":"","ast-disable-related-posts":"","theme-transparent-header-meta":"","adv-header-id-meta":"","stick-header-meta":"","header-above-stick-meta":"","header-main-stick-meta":"","header-below-stick-meta":"","astra-migrate-meta-layouts":"default","ast-page-background-enabled":"default","ast-page-background-meta":{"desktop":{"background-color":"var(--ast-global-color-5)","background-image":"","background-repeat":"repeat","background-position":"center center","background-size":"auto","background-attachment":"scroll","background-type":"","background-media":"","overlay-type":"","overlay-color":"","overlay-opacity":"","overlay-gradient":""},"tablet":{"background-color":"","background-image":"","background-repeat":"repeat","background-position":"center center","background-size":"auto","background-attachment":"scroll","background-type":"","background-media":"","overlay-type":"","overlay-color":"","overlay-opacity":"","overlay-gradient":""},"mobile":{"background-color":"","background-image":"","background-repeat":"repeat","background-position":"center center","background-size":"auto","background-attachment":"scroll","background-type":"","background-media":"","overlay-type":"","overlay-color":"","overlay-opacity":"","overlay-gradient":""}},"ast-content-background-meta":{"desktop":{"background-color":"var(--ast-global-color-4)","background-image":"","background-repeat":"repeat","background-position":"center center","background-size":"auto","background-attachment":"scroll","background-type":"","background-media":"","overlay-type":"","overlay-color":"","overlay-opacity":"","overlay-gradient":""},"tablet":{"background-color":"var(--ast-global-color-4)","background-image":"","background-repeat":"repeat","background-position":"center center","background-size":"auto","background-attachment":"scroll","background-type":"","background-media":"","overlay-type":"","overlay-color":"","overlay-opacity":"","overlay-gradient":""},"mobile":{"background-color":"var(--ast-global-color-4)","background-image":"","background-repeat":"repeat","background-position":"center center","background-size":"auto","background-attachment":"scroll","background-type":"","background-media":"","overlay-type":"","overlay-color":"","overlay-opacity":"","overlay-gradient":""}},"footnotes":""},"categories":[180,179,43,173],"tags":[77,67,76,78,68,69],"class_list":["post-158","post","type-post","status-publish","format-standard","has-post-thumbnail","hentry","category-01-alzheimer","category-05-tratamientos-naturales","category-medicina-natural","category-portfolio-demencias","tag-acuporina-4","tag-alzheimer","tag-aqp4","tag-astrocitos","tag-luz","tag-sonido"],"aioseo_notices":[],"aioseo_head":"\n\t\t<!-- All in One SEO 5.0.1.1 - aioseo.com -->\n\t<meta name=\"description\" content=\"\u00bfTe imaginas que la clave para combatir el Alzheimer no estuviera en un f\u00e1rmaco complejo, sino en una combinaci\u00f3n r\u00edtmica de luces y sonidos?\" \/>\n\t<meta name=\"robots\" content=\"max-image-preview:large\" \/>\n\t<meta name=\"author\" content=\"EcoKOMPASS\"\/>\n\t<link rel=\"canonical\" href=\"https:\/\/ecokompass.com\/en\/alzheimer-terapia-luz-sonido-investigacion\/\" \/>\n\t<meta name=\"generator\" content=\"All in One SEO (AIOSEO) 5.0.1.1\" \/>\n\t\t<meta property=\"og:locale\" content=\"en_GB\" \/>\n\t\t<meta property=\"og:site_name\" content=\"EcoKOMPASS - Noticias  y Consejos de Salud Natural\" \/>\n\t\t<meta property=\"og:type\" content=\"article\" \/>\n\t\t<meta property=\"og:title\" content=\"Alzheimer: qu\u00e9 dice la investigaci\u00f3n sobre la terapia de luz y sonido - EcoKOMPASS\" \/>\n\t\t<meta property=\"og:description\" content=\"\u00bfTe imaginas que la clave para combatir el Alzheimer no estuviera en un f\u00e1rmaco complejo, sino en una combinaci\u00f3n r\u00edtmica de luces y sonidos?\" \/>\n\t\t<meta property=\"og:url\" content=\"https:\/\/ecokompass.com\/en\/alzheimer-terapia-luz-sonido-investigacion\/\" \/>\n\t\t<meta property=\"og:image\" content=\"https:\/\/ecokompass.com\/wp-content\/uploads\/2026\/07\/cropped-IMG_0654.jpg\" \/>\n\t\t<meta property=\"og:image:secure_url\" content=\"https:\/\/ecokompass.com\/wp-content\/uploads\/2026\/07\/cropped-IMG_0654.jpg\" \/>\n\t\t<meta property=\"og:image:width\" content=\"605\" \/>\n\t\t<meta property=\"og:image:height\" content=\"699\" \/>\n\t\t<meta property=\"article:published_time\" content=\"2026-07-10T00:50:59+00:00\" \/>\n\t\t<meta property=\"article:modified_time\" content=\"2026-08-31T22:42:18+00:00\" \/>\n\t\t<meta name=\"twitter:card\" content=\"summary_large_image\" \/>\n\t\t<meta name=\"twitter:title\" content=\"Alzheimer: qu\u00e9 dice la investigaci\u00f3n sobre la terapia de luz y sonido - EcoKOMPASS\" \/>\n\t\t<meta name=\"twitter:description\" content=\"\u00bfTe imaginas que la clave para combatir el Alzheimer no estuviera en un f\u00e1rmaco complejo, sino en una combinaci\u00f3n r\u00edtmica de luces y sonidos?\" \/>\n\t\t<meta name=\"twitter:image\" content=\"https:\/\/ecokompass.com\/wp-content\/uploads\/2026\/07\/cropped-IMG_0654.jpg\" \/>\n\t\t<script type=\"application\/ld+json\" class=\"aioseo-schema\">\n\t\t\t{\"@context\":\"https:\\\/\\\/schema.org\",\"@graph\":[{\"@type\":\"BlogPosting\",\"@id\":\"https:\\\/\\\/ecokompass.com\\\/en\\\/alzheimer-terapia-luz-sonido-investigacion\\\/#blogposting\",\"name\":\"Alzheimer: qu\\u00e9 dice la investigaci\\u00f3n sobre la terapia de luz y sonido - EcoKOMPASS\",\"headline\":\"Alzheimer: qu\\u00e9 dice la investigaci\\u00f3n sobre la terapia de luz y sonido\",\"author\":{\"@id\":\"https:\\\/\\\/ecokompass.com\\\/en\\\/author\\\/ecokompass\\\/#author\"},\"publisher\":{\"@id\":\"https:\\\/\\\/ecokompass.com\\\/en\\\/#organization\"},\"image\":{\"@type\":\"ImageObject\",\"url\":\"https:\\\/\\\/ecokompass.com\\\/wp-content\\\/uploads\\\/2026\\\/07\\\/Alzheimer-Imagen-y-Sonido-Curacion-jul-2026-11_20_35.png\",\"width\":1536,\"height\":1024},\"datePublished\":\"2026-07-10T00:50:59+00:00\",\"dateModified\":\"2026-08-31T22:42:18+00:00\",\"inLanguage\":\"en-GB\",\"mainEntityOfPage\":{\"@id\":\"https:\\\/\\\/ecokompass.com\\\/en\\\/alzheimer-terapia-luz-sonido-investigacion\\\/#webpage\"},\"isPartOf\":{\"@id\":\"https:\\\/\\\/ecokompass.com\\\/en\\\/alzheimer-terapia-luz-sonido-investigacion\\\/#webpage\"},\"articleSection\":\"01.- EA ALZHEIMER, 05.- TRATAMIENTOS NATURALES, Medicina Natural, PORTFOLIO DEMENCIAS, Acuporina-4, Alzheimer, AQP4, Astrocitos, Luz, Sonido\"},{\"@type\":\"BreadcrumbList\",\"@id\":\"https:\\\/\\\/ecokompass.com\\\/en\\\/alzheimer-terapia-luz-sonido-investigacion\\\/#breadcrumblist\",\"itemListElement\":[{\"@type\":\"ListItem\",\"@id\":\"https:\\\/\\\/ecokompass.com\\\/en#listItem\",\"position\":1,\"name\":\"Home\",\"item\":\"https:\\\/\\\/ecokompass.com\\\/en\",\"nextItem\":{\"@type\":\"ListItem\",\"@id\":\"https:\\\/\\\/ecokompass.com\\\/en\\\/category\\\/portfolio-demencias\\\/#listItem\",\"name\":\"PORTFOLIO DEMENCIAS\"}},{\"@type\":\"ListItem\",\"@id\":\"https:\\\/\\\/ecokompass.com\\\/en\\\/category\\\/portfolio-demencias\\\/#listItem\",\"position\":2,\"name\":\"PORTFOLIO DEMENCIAS\",\"item\":\"https:\\\/\\\/ecokompass.com\\\/en\\\/category\\\/portfolio-demencias\\\/\",\"nextItem\":{\"@type\":\"ListItem\",\"@id\":\"https:\\\/\\\/ecokompass.com\\\/en\\\/category\\\/portfolio-demencias\\\/05-tratamientos-naturales\\\/#listItem\",\"name\":\"05.- TRATAMIENTOS NATURALES\"},\"previousItem\":{\"@type\":\"ListItem\",\"@id\":\"https:\\\/\\\/ecokompass.com\\\/en#listItem\",\"name\":\"Home\"}},{\"@type\":\"ListItem\",\"@id\":\"https:\\\/\\\/ecokompass.com\\\/en\\\/category\\\/portfolio-demencias\\\/05-tratamientos-naturales\\\/#listItem\",\"position\":3,\"name\":\"05.- TRATAMIENTOS NATURALES\",\"item\":\"https:\\\/\\\/ecokompass.com\\\/en\\\/category\\\/portfolio-demencias\\\/05-tratamientos-naturales\\\/\",\"nextItem\":{\"@type\":\"ListItem\",\"@id\":\"https:\\\/\\\/ecokompass.com\\\/en\\\/alzheimer-terapia-luz-sonido-investigacion\\\/#listItem\",\"name\":\"Alzheimer: qu\\u00e9 dice la investigaci\\u00f3n sobre la terapia de luz y sonido\"},\"previousItem\":{\"@type\":\"ListItem\",\"@id\":\"https:\\\/\\\/ecokompass.com\\\/en\\\/category\\\/portfolio-demencias\\\/#listItem\",\"name\":\"PORTFOLIO DEMENCIAS\"}},{\"@type\":\"ListItem\",\"@id\":\"https:\\\/\\\/ecokompass.com\\\/en\\\/alzheimer-terapia-luz-sonido-investigacion\\\/#listItem\",\"position\":4,\"name\":\"Alzheimer: qu\\u00e9 dice la investigaci\\u00f3n sobre la terapia de luz y sonido\",\"previousItem\":{\"@type\":\"ListItem\",\"@id\":\"https:\\\/\\\/ecokompass.com\\\/en\\\/category\\\/portfolio-demencias\\\/05-tratamientos-naturales\\\/#listItem\",\"name\":\"05.- TRATAMIENTOS NATURALES\"}}]},{\"@type\":\"Organization\",\"@id\":\"https:\\\/\\\/ecokompass.com\\\/en\\\/#organization\",\"name\":\"EcoKOMPASS\",\"description\":\"Noticias  y Consejos de Salud Natural\",\"url\":\"https:\\\/\\\/ecokompass.com\\\/en\\\/\",\"logo\":{\"@type\":\"ImageObject\",\"url\":\"https:\\\/\\\/ecokompass.com\\\/wp-content\\\/uploads\\\/2026\\\/07\\\/IMG_0654.jpg\",\"@id\":\"https:\\\/\\\/ecokompass.com\\\/en\\\/alzheimer-terapia-luz-sonido-investigacion\\\/#organizationLogo\",\"width\":893,\"height\":839},\"image\":{\"@id\":\"https:\\\/\\\/ecokompass.com\\\/en\\\/alzheimer-terapia-luz-sonido-investigacion\\\/#organizationLogo\"}},{\"@type\":\"Person\",\"@id\":\"https:\\\/\\\/ecokompass.com\\\/en\\\/author\\\/ecokompass\\\/#author\",\"url\":\"https:\\\/\\\/ecokompass.com\\\/en\\\/author\\\/ecokompass\\\/\",\"name\":\"EcoKOMPASS\",\"image\":{\"@type\":\"ImageObject\",\"@id\":\"https:\\\/\\\/ecokompass.com\\\/en\\\/alzheimer-terapia-luz-sonido-investigacion\\\/#authorImage\",\"url\":\"https:\\\/\\\/secure.gravatar.com\\\/avatar\\\/b269238abb18236593985038a26758d075fc94bbb5646c31d6fa4cf8b51e25db?s=96&d=mm&r=g\",\"width\":96,\"height\":96,\"caption\":\"EcoKOMPASS\"}},{\"@type\":\"WebPage\",\"@id\":\"https:\\\/\\\/ecokompass.com\\\/en\\\/alzheimer-terapia-luz-sonido-investigacion\\\/#webpage\",\"url\":\"https:\\\/\\\/ecokompass.com\\\/en\\\/alzheimer-terapia-luz-sonido-investigacion\\\/\",\"name\":\"Alzheimer: qu\\u00e9 dice la investigaci\\u00f3n sobre la terapia de luz y sonido - EcoKOMPASS\",\"description\":\"\\u00bfTe imaginas que la clave para combatir el Alzheimer no estuviera en un f\\u00e1rmaco complejo, sino en una combinaci\\u00f3n r\\u00edtmica de luces y sonidos?\",\"inLanguage\":\"en-GB\",\"isPartOf\":{\"@id\":\"https:\\\/\\\/ecokompass.com\\\/en\\\/#website\"},\"breadcrumb\":{\"@id\":\"https:\\\/\\\/ecokompass.com\\\/en\\\/alzheimer-terapia-luz-sonido-investigacion\\\/#breadcrumblist\"},\"author\":{\"@id\":\"https:\\\/\\\/ecokompass.com\\\/en\\\/author\\\/ecokompass\\\/#author\"},\"creator\":{\"@id\":\"https:\\\/\\\/ecokompass.com\\\/en\\\/author\\\/ecokompass\\\/#author\"},\"image\":{\"@type\":\"ImageObject\",\"url\":\"https:\\\/\\\/ecokompass.com\\\/wp-content\\\/uploads\\\/2026\\\/07\\\/Alzheimer-Imagen-y-Sonido-Curacion-jul-2026-11_20_35.png\",\"@id\":\"https:\\\/\\\/ecokompass.com\\\/en\\\/alzheimer-terapia-luz-sonido-investigacion\\\/#mainImage\",\"width\":1536,\"height\":1024},\"primaryImageOfPage\":{\"@id\":\"https:\\\/\\\/ecokompass.com\\\/en\\\/alzheimer-terapia-luz-sonido-investigacion\\\/#mainImage\"},\"datePublished\":\"2026-07-10T00:50:59+00:00\",\"dateModified\":\"2026-08-31T22:42:18+00:00\"},{\"@type\":\"WebSite\",\"@id\":\"https:\\\/\\\/ecokompass.com\\\/en\\\/#website\",\"url\":\"https:\\\/\\\/ecokompass.com\\\/en\\\/\",\"name\":\"EcoKOMPASS\",\"description\":\"Noticias  y Consejos de Salud Natural\",\"inLanguage\":\"en-GB\",\"publisher\":{\"@id\":\"https:\\\/\\\/ecokompass.com\\\/en\\\/#organization\"}}]}\n\t\t<\/script>\n\t\t<!-- All in One SEO -->\n\n","aioseo_head_json":{"title":"Alzheimer: qu\u00e9 dice la investigaci\u00f3n sobre la terapia de luz y sonido - EcoKOMPASS","description":"\u00bfTe imaginas que la clave para combatir el Alzheimer no estuviera en un f\u00e1rmaco complejo, sino en una combinaci\u00f3n r\u00edtmica de luces y sonidos?","canonical_url":"https:\/\/ecokompass.com\/en\/alzheimer-terapia-luz-sonido-investigacion\/","robots":"max-image-preview:large","keywords":"","webmasterTools":{"miscellaneous":""},"schema":{"@context":"https:\/\/schema.org","@graph":[{"@type":"BlogPosting","@id":"https:\/\/ecokompass.com\/en\/alzheimer-terapia-luz-sonido-investigacion\/#blogposting","name":"Alzheimer: qu\u00e9 dice la investigaci\u00f3n sobre la terapia de luz y sonido - EcoKOMPASS","headline":"Alzheimer: qu\u00e9 dice la investigaci\u00f3n sobre la terapia de luz y sonido","author":{"@id":"https:\/\/ecokompass.com\/en\/author\/ecokompass\/#author"},"publisher":{"@id":"https:\/\/ecokompass.com\/en\/#organization"},"image":{"@type":"ImageObject","url":"https:\/\/ecokompass.com\/wp-content\/uploads\/2026\/07\/Alzheimer-Imagen-y-Sonido-Curacion-jul-2026-11_20_35.png","width":1536,"height":1024},"datePublished":"2026-07-10T00:50:59+00:00","dateModified":"2026-08-31T22:42:18+00:00","inLanguage":"en-GB","mainEntityOfPage":{"@id":"https:\/\/ecokompass.com\/en\/alzheimer-terapia-luz-sonido-investigacion\/#webpage"},"isPartOf":{"@id":"https:\/\/ecokompass.com\/en\/alzheimer-terapia-luz-sonido-investigacion\/#webpage"},"articleSection":"01.- EA ALZHEIMER, 05.- TRATAMIENTOS NATURALES, Medicina Natural, PORTFOLIO DEMENCIAS, Acuporina-4, Alzheimer, AQP4, Astrocitos, Luz, Sonido"},{"@type":"BreadcrumbList","@id":"https:\/\/ecokompass.com\/en\/alzheimer-terapia-luz-sonido-investigacion\/#breadcrumblist","itemListElement":[{"@type":"ListItem","@id":"https:\/\/ecokompass.com\/en#listItem","position":1,"name":"Home","item":"https:\/\/ecokompass.com\/en","nextItem":{"@type":"ListItem","@id":"https:\/\/ecokompass.com\/en\/category\/portfolio-demencias\/#listItem","name":"PORTFOLIO DEMENCIAS"}},{"@type":"ListItem","@id":"https:\/\/ecokompass.com\/en\/category\/portfolio-demencias\/#listItem","position":2,"name":"PORTFOLIO DEMENCIAS","item":"https:\/\/ecokompass.com\/en\/category\/portfolio-demencias\/","nextItem":{"@type":"ListItem","@id":"https:\/\/ecokompass.com\/en\/category\/portfolio-demencias\/05-tratamientos-naturales\/#listItem","name":"05.- TRATAMIENTOS NATURALES"},"previousItem":{"@type":"ListItem","@id":"https:\/\/ecokompass.com\/en#listItem","name":"Home"}},{"@type":"ListItem","@id":"https:\/\/ecokompass.com\/en\/category\/portfolio-demencias\/05-tratamientos-naturales\/#listItem","position":3,"name":"05.- TRATAMIENTOS NATURALES","item":"https:\/\/ecokompass.com\/en\/category\/portfolio-demencias\/05-tratamientos-naturales\/","nextItem":{"@type":"ListItem","@id":"https:\/\/ecokompass.com\/en\/alzheimer-terapia-luz-sonido-investigacion\/#listItem","name":"Alzheimer: qu\u00e9 dice la investigaci\u00f3n sobre la terapia de luz y sonido"},"previousItem":{"@type":"ListItem","@id":"https:\/\/ecokompass.com\/en\/category\/portfolio-demencias\/#listItem","name":"PORTFOLIO DEMENCIAS"}},{"@type":"ListItem","@id":"https:\/\/ecokompass.com\/en\/alzheimer-terapia-luz-sonido-investigacion\/#listItem","position":4,"name":"Alzheimer: qu\u00e9 dice la investigaci\u00f3n sobre la terapia de luz y sonido","previousItem":{"@type":"ListItem","@id":"https:\/\/ecokompass.com\/en\/category\/portfolio-demencias\/05-tratamientos-naturales\/#listItem","name":"05.- TRATAMIENTOS NATURALES"}}]},{"@type":"Organization","@id":"https:\/\/ecokompass.com\/en\/#organization","name":"EcoKOMPASS","description":"Noticias  y Consejos de Salud Natural","url":"https:\/\/ecokompass.com\/en\/","logo":{"@type":"ImageObject","url":"https:\/\/ecokompass.com\/wp-content\/uploads\/2026\/07\/IMG_0654.jpg","@id":"https:\/\/ecokompass.com\/en\/alzheimer-terapia-luz-sonido-investigacion\/#organizationLogo","width":893,"height":839},"image":{"@id":"https:\/\/ecokompass.com\/en\/alzheimer-terapia-luz-sonido-investigacion\/#organizationLogo"}},{"@type":"Person","@id":"https:\/\/ecokompass.com\/en\/author\/ecokompass\/#author","url":"https:\/\/ecokompass.com\/en\/author\/ecokompass\/","name":"EcoKOMPASS","image":{"@type":"ImageObject","@id":"https:\/\/ecokompass.com\/en\/alzheimer-terapia-luz-sonido-investigacion\/#authorImage","url":"https:\/\/secure.gravatar.com\/avatar\/b269238abb18236593985038a26758d075fc94bbb5646c31d6fa4cf8b51e25db?s=96&d=mm&r=g","width":96,"height":96,"caption":"EcoKOMPASS"}},{"@type":"WebPage","@id":"https:\/\/ecokompass.com\/en\/alzheimer-terapia-luz-sonido-investigacion\/#webpage","url":"https:\/\/ecokompass.com\/en\/alzheimer-terapia-luz-sonido-investigacion\/","name":"Alzheimer: qu\u00e9 dice la investigaci\u00f3n sobre la terapia de luz y sonido - EcoKOMPASS","description":"\u00bfTe imaginas que la clave para combatir el Alzheimer no estuviera en un f\u00e1rmaco complejo, sino en una combinaci\u00f3n r\u00edtmica de luces y sonidos?","inLanguage":"en-GB","isPartOf":{"@id":"https:\/\/ecokompass.com\/en\/#website"},"breadcrumb":{"@id":"https:\/\/ecokompass.com\/en\/alzheimer-terapia-luz-sonido-investigacion\/#breadcrumblist"},"author":{"@id":"https:\/\/ecokompass.com\/en\/author\/ecokompass\/#author"},"creator":{"@id":"https:\/\/ecokompass.com\/en\/author\/ecokompass\/#author"},"image":{"@type":"ImageObject","url":"https:\/\/ecokompass.com\/wp-content\/uploads\/2026\/07\/Alzheimer-Imagen-y-Sonido-Curacion-jul-2026-11_20_35.png","@id":"https:\/\/ecokompass.com\/en\/alzheimer-terapia-luz-sonido-investigacion\/#mainImage","width":1536,"height":1024},"primaryImageOfPage":{"@id":"https:\/\/ecokompass.com\/en\/alzheimer-terapia-luz-sonido-investigacion\/#mainImage"},"datePublished":"2026-07-10T00:50:59+00:00","dateModified":"2026-08-31T22:42:18+00:00"},{"@type":"WebSite","@id":"https:\/\/ecokompass.com\/en\/#website","url":"https:\/\/ecokompass.com\/en\/","name":"EcoKOMPASS","description":"Noticias  y Consejos de Salud Natural","inLanguage":"en-GB","publisher":{"@id":"https:\/\/ecokompass.com\/en\/#organization"}}]},"og:locale":"en_GB","og:site_name":"EcoKOMPASS - Noticias  y Consejos de Salud Natural","og:type":"article","og:title":"Alzheimer: qu\u00e9 dice la investigaci\u00f3n sobre la terapia de luz y sonido - EcoKOMPASS","og:description":"\u00bfTe imaginas que la clave para combatir el Alzheimer no estuviera en un f\u00e1rmaco complejo, sino en una combinaci\u00f3n r\u00edtmica de luces y sonidos?","og:url":"https:\/\/ecokompass.com\/en\/alzheimer-terapia-luz-sonido-investigacion\/","og:image":"https:\/\/ecokompass.com\/wp-content\/uploads\/2026\/07\/cropped-IMG_0654.jpg","og:image:secure_url":"https:\/\/ecokompass.com\/wp-content\/uploads\/2026\/07\/cropped-IMG_0654.jpg","og:image:width":605,"og:image:height":699,"article:published_time":"2026-07-10T00:50:59+00:00","article:modified_time":"2026-08-31T22:42:18+00:00","twitter:card":"summary_large_image","twitter:title":"Alzheimer: qu\u00e9 dice la investigaci\u00f3n sobre la terapia de luz y sonido - EcoKOMPASS","twitter:description":"\u00bfTe imaginas que la clave para combatir el Alzheimer no estuviera en un f\u00e1rmaco complejo, sino en una combinaci\u00f3n r\u00edtmica de luces y sonidos?","twitter:image":"https:\/\/ecokompass.com\/wp-content\/uploads\/2026\/07\/cropped-IMG_0654.jpg"},"aioseo_meta_data":{"post_id":"158","title":"#post_title #separator_sa #site_title","description":"#post_excerpt","keywords":null,"keyphrases":{"focus":[],"additional":[]},"primary_term":null,"canonical_url":null,"og_title":null,"og_description":null,"og_object_type":"default","og_image_type":"default","og_image_custom_url":null,"og_image_custom_fields":null,"og_image_url":null,"og_image_width":null,"og_image_height":null,"og_video":"","og_custom_url":null,"og_article_section":null,"og_article_tags":null,"twitter_use_og":false,"twitter_card":"default","twitter_image_type":"default","twitter_image_custom_url":null,"twitter_image_custom_fields":null,"twitter_image_url":null,"twitter_title":null,"twitter_description":null,"schema_type":"default","schema_type_options":null,"schema":{"blockGraphs":[],"customGraphs":[],"default":{"data":{"Article":[],"Course":[],"Dataset":[],"FAQPage":[],"Movie":[],"Person":[],"Product":[],"ProductReview":[],"Car":[],"Recipe":[],"Service":[],"SoftwareApplication":[],"WebPage":[]},"graphName":"BlogPosting","isEnabled":true},"graphs":[]},"pillar_content":false,"robots_default":true,"robots_noindex":false,"robots_noarchive":false,"robots_nosnippet":false,"robots_nofollow":false,"robots_noimageindex":false,"robots_noodp":false,"robots_notranslate":false,"robots_max_snippet":"-1","robots_max_videopreview":"-1","robots_max_imagepreview":"large","priority":null,"frequency":"default","local_seo":null,"limit_modified_date":false,"ai":{"faqs":[],"keyPoints":[],"schemas":[],"titles":[],"descriptions":[],"socialPosts":{"email":{"subject":"","preview":"","content":""},"linkedin":[],"twitter":[],"facebook":[],"instagram":[]}},"breadcrumb_settings":null,"seo_analyzer_scan_date":null,"created":"2026-07-10 00:50:59","updated":"2026-08-31 23:05:34","focus_keyword":null,"additional_keywords":null,"truseo_locale":null},"aioseo_breadcrumb":"<div class=\"aioseo-breadcrumbs\"><span class=\"aioseo-breadcrumb\">\n\t\t\t<a href=\"https:\/\/ecokompass.com\/en\" title=\"Home\">Home<\/a>\n\t\t<\/span><span class=\"aioseo-breadcrumb-separator\">&raquo;<\/span><span class=\"aioseo-breadcrumb\">\n\t\t\t<a href=\"https:\/\/ecokompass.com\/en\/category\/portfolio-demencias\/\" title=\"PORTFOLIO DEMENCIAS\">PORTFOLIO DEMENCIAS<\/a>\n\t\t<\/span><span class=\"aioseo-breadcrumb-separator\">&raquo;<\/span><span class=\"aioseo-breadcrumb\">\n\t\t\t<a href=\"https:\/\/ecokompass.com\/en\/category\/portfolio-demencias\/05-tratamientos-naturales\/\" title=\"05.- TRATAMIENTOS NATURALES\">05.- TRATAMIENTOS NATURALES<\/a>\n\t\t<\/span><span class=\"aioseo-breadcrumb-separator\">&raquo;<\/span><span class=\"aioseo-breadcrumb\">\n\t\t\tAlzheimer: qu\u00e9 dice la investigaci\u00f3n sobre la terapia de luz y sonido\n\t\t<\/span><\/div>","aioseo_breadcrumb_json":[{"label":"Home","link":"https:\/\/ecokompass.com\/en"},{"label":"PORTFOLIO DEMENCIAS","link":"https:\/\/ecokompass.com\/en\/category\/portfolio-demencias\/"},{"label":"05.- TRATAMIENTOS NATURALES","link":"https:\/\/ecokompass.com\/en\/category\/portfolio-demencias\/05-tratamientos-naturales\/"},{"label":"Alzheimer: qu\u00e9 dice la investigaci\u00f3n sobre la terapia de luz y sonido","link":"https:\/\/ecokompass.com\/en\/alzheimer-terapia-luz-sonido-investigacion\/"}],"_links":{"self":[{"href":"https:\/\/ecokompass.com\/en\/wp-json\/wp\/v2\/posts\/158","targetHints":{"allow":["GET"]}}],"collection":[{"href":"https:\/\/ecokompass.com\/en\/wp-json\/wp\/v2\/posts"}],"about":[{"href":"https:\/\/ecokompass.com\/en\/wp-json\/wp\/v2\/types\/post"}],"author":[{"embeddable":true,"href":"https:\/\/ecokompass.com\/en\/wp-json\/wp\/v2\/users\/1"}],"replies":[{"embeddable":true,"href":"https:\/\/ecokompass.com\/en\/wp-json\/wp\/v2\/comments?post=158"}],"version-history":[{"count":8,"href":"https:\/\/ecokompass.com\/en\/wp-json\/wp\/v2\/posts\/158\/revisions"}],"predecessor-version":[{"id":4269,"href":"https:\/\/ecokompass.com\/en\/wp-json\/wp\/v2\/posts\/158\/revisions\/4269"}],"wp:featuredmedia":[{"embeddable":true,"href":"https:\/\/ecokompass.com\/en\/wp-json\/wp\/v2\/media\/205"}],"wp:attachment":[{"href":"https:\/\/ecokompass.com\/en\/wp-json\/wp\/v2\/media?parent=158"}],"wp:term":[{"taxonomy":"category","embeddable":true,"href":"https:\/\/ecokompass.com\/en\/wp-json\/wp\/v2\/categories?post=158"},{"taxonomy":"post_tag","embeddable":true,"href":"https:\/\/ecokompass.com\/en\/wp-json\/wp\/v2\/tags?post=158"}],"curies":[{"name":"wp","href":"https:\/\/api.w.org\/{rel}","templated":true}]}}